{"id":450436,"date":"2016-12-22T11:31:18","date_gmt":"2016-12-22T17:31:18","guid":{"rendered":"https:\/\/www.futboltotal.com.mx\/?p=450436"},"modified":"2016-12-22T11:31:18","modified_gmt":"2016-12-22T17:31:18","slug":"fernando-gago-tambien-es-tentado-por-los-chinos","status":"publish","type":"post","link":"http:\/\/desarrollo.grupomedios.com\/futbol\/futbol-internacional\/fernando-gago-tambien-es-tentado-por-los-chinos\/2016\/12","title":{"rendered":"Fernando Gago tambi\u00e9n es tentado por los chinos"},"content":{"rendered":"<p><strong>Fernando Gago<\/strong>, mediocampista de Boca Juniors, tambi\u00e9n es pretendido por el futbol de China, que por cierto ya pidieron su cotizaci\u00f3n al club xeneize.<\/p>\n<p>Seg\u00fan el portal digital del diario argentino <em>Ol\u00e9<\/em>, el <em>Pintita<\/em> es buscado por dos clubes del futbol de China, algo similar a su compa\u00f1ero de equipo Carlos T\u00e9vez, quien recibi\u00f3 una oferta millonaria del club Shanghai Shenhua, aunque a\u00fan no define su futuro.<\/p>\n<p style=\"text-align: center;\"><a href=\"https:\/\/www.futboltotal.com.mx\/2016\/12\/colocan-a-zaldivar-en-la-serie-a\/\"><span style=\"color: #3366ff;\">LEER M\u00c1S: Colocan a Zald\u00edvar en la Serie A<\/span><\/a><\/p>\n<p><strong>Fernando Gago<\/strong>, exjugador del Real Madrid, est\u00e1 en proceso de renovar su contrato con el equipo <em>xeneize<\/em>, mismo que expira en junio de 2017, aunque a\u00fan tiene definido si permanecer en el club argentino o aceptar la oferta de China.<\/p>\n<p>&#8220;Estamos hablando con el representante de Fernando, pero \u00e9l tiene una oferta de China. \u00c9l nos dijo que iba a priorizar Boca&#8221;, declar\u00f3 Daniel Angelici, presidente de Boca, al portal del diario deportivo, quien no descart\u00f3 la salida del volante por una buena cantidad de dinero: &#8220;Si se concreta esa oferta de China que est\u00e1n manejando, nosotros no podemos competir. Si los chinos vienen con esa plata, tenemos que dejarlos salir a todos&#8221;.<\/p>\n<p style=\"text-align: center;\"><a href=\"https:\/\/www.futboltotal.com.mx\/2016\/12\/estrellas-disputaron-partido-benefico-chapecoense\/\"><span style=\"color: #3366ff;\">LEER M\u00c1S: Estrellas disputaron partido ben\u00e9fico por el Chapecoense<\/span><\/a><\/p>\n<p><strong>Fernando Gago<\/strong> tuvo una rotura del tend\u00f3n de Aquiles que lo tuvo incapacitado de abril a octubre de 2016 y en su regreso \u2013a partir de noviembre\u2013 ha tenido grandes actuaciones.<\/p>\n<p><b>S\u00edguenos en <span id=\"m_2376095945797437725goog_2054972132\"><\/span>Twitter <a href=\"https:\/\/twitter.com\/MXFutbolTotal\" target=\"_blank\" data-saferedirecturl=\"https:\/\/www.google.com\/url?hl=es&amp;q=https:\/\/twitter.com\/MXFutbolTotal&amp;source=gmail&amp;ust=1482503542700000&amp;usg=AFQjCNG0SptYroTJu4dzPV-BkdDZjPiUVA\">@MXFutbolTotal<\/a><\/b><\/p>\n","protected":false},"excerpt":{"rendered":"<p>El Pintita tiene contrato con Boca hasta junio de 2017.<\/p>\n","protected":false},"author":20,"featured_media":450445,"comment_status":"closed","ping_status":"closed","sticky":false,"template":"","format":"standard","meta":[],"categories":[7501,3839],"tags":[1683,523,7860,2713],"_links":{"self":[{"href":"http:\/\/desarrollo.grupomedios.com\/futbol\/wp-json\/wp\/v2\/posts\/450436"}],"collection":[{"href":"http:\/\/desarrollo.grupomedios.com\/futbol\/wp-json\/wp\/v2\/posts"}],"about":[{"href":"http:\/\/desarrollo.grupomedios.com\/futbol\/wp-json\/wp\/v2\/types\/post"}],"author":[{"embeddable":true,"href":"http:\/\/desarrollo.grupomedios.com\/futbol\/wp-json\/wp\/v2\/users\/20"}],"replies":[{"embeddable":true,"href":"http:\/\/desarrollo.grupomedios.com\/futbol\/wp-json\/wp\/v2\/comments?post=450436"}],"version-history":[{"count":0,"href":"http:\/\/desarrollo.grupomedios.com\/futbol\/wp-json\/wp\/v2\/posts\/450436\/revisions"}],"wp:featuredmedia":[{"embeddable":true,"href":"http:\/\/desarrollo.grupomedios.com\/futbol\/wp-json\/wp\/v2\/media\/450445"}],"wp:attachment":[{"href":"http:\/\/desarrollo.grupomedios.com\/futbol\/wp-json\/wp\/v2\/media?parent=450436"}],"wp:term":[{"taxonomy":"category","embeddable":true,"href":"http:\/\/desarrollo.grupomedios.com\/futbol\/wp-json\/wp\/v2\/categories?post=450436"},{"taxonomy":"post_tag","embeddable":true,"href":"http:\/\/desarrollo.grupomedios.com\/futbol\/wp-json\/wp\/v2\/tags?post=450436"}],"curies":[{"name":"wp","href":"https:\/\/api.w.org\/{rel}","templated":true}]}}