{"id":450443,"date":"2016-12-22T12:28:41","date_gmt":"2016-12-22T18:28:41","guid":{"rendered":"https:\/\/www.futboltotal.com.mx\/?p=450443"},"modified":"2016-12-22T12:28:41","modified_gmt":"2016-12-22T18:28:41","slug":"chelsea-descartaria-la-llegada-james-caro","status":"publish","type":"post","link":"http:\/\/desarrollo.grupomedios.com\/futbol\/futbol-internacional\/chelsea-descartaria-la-llegada-james-caro\/2016\/12","title":{"rendered":"Chelsea descartar\u00eda la llegada de James por ser &#8220;muy caro&#8221;"},"content":{"rendered":"<p>Durante los \u00faltimos meses se ha especulado la posible salida de <strong>James Rodr\u00edguez<\/strong> del Real Madrid debido a la poca participaci\u00f3n que ha tenido con Zinedine Zidane.<\/p>\n<p>Ante su posible marcha, varios equipos como el Manchester United, Juventus, y Chelsea se han ofrecido por obtener los servicios del jugador colombiano, aunque los Blues parece que se har\u00edan a un lado por el precio del ex del M\u00f3naco.<\/p>\n<p style=\"text-align: center;\"><span style=\"color: #3366ff;\"><a style=\"color: #3366ff;\" href=\"https:\/\/www.futboltotal.com.mx\/2016\/12\/francia-estan-atentos-final-liga-mx\/\">LEER M\u00c1S: En Francia est\u00e1n atentos a la Final de la Liga MX<\/a><\/span><\/p>\n<p>Seg\u00fan la prensa brit\u00e1nica, el Chelsea estar\u00eda saliendo de los interesados por el pase del jugador del\u00a0Real Madrid luego de que los <em>Merengues\u00a0<\/em>lo valuara en 60 millones de libras.<\/p>\n<p>&#8220;Chelsea afirma que no est\u00e1n en la carrera para firmar a James Rodr\u00edguez&#8221;, publican los medios ingleses y comenta que la directiva de los Blues &#8220;siente que <strong>James Rodr\u00edguez<\/strong> est\u00e1 sobrevalorado&#8221;.<\/p>\n<p>Adem\u00e1s, se menciona que el l\u00edder de la Premier League se har\u00eda a un lado por el cafetalero debido a que no encajar\u00eda en el sistema actual del t\u00e9cnico Antonio Conte,&#8221;James no est\u00e1 preparado para jugar de carrilero, y ofrecer\u00eda poco valor agregado a la l\u00ednea delantera&#8221;.<\/p>\n","protected":false},"excerpt":{"rendered":"<p>Real Madrid habr\u00eda valuado al colombiano en 60 millones de libras.<\/p>\n","protected":false},"author":20,"featured_media":422144,"comment_status":"closed","ping_status":"closed","sticky":false,"template":"","format":"standard","meta":[],"categories":[3839,5951],"tags":[5981,6214,6082,5988],"_links":{"self":[{"href":"http:\/\/desarrollo.grupomedios.com\/futbol\/wp-json\/wp\/v2\/posts\/450443"}],"collection":[{"href":"http:\/\/desarrollo.grupomedios.com\/futbol\/wp-json\/wp\/v2\/posts"}],"about":[{"href":"http:\/\/desarrollo.grupomedios.com\/futbol\/wp-json\/wp\/v2\/types\/post"}],"author":[{"embeddable":true,"href":"http:\/\/desarrollo.grupomedios.com\/futbol\/wp-json\/wp\/v2\/users\/20"}],"replies":[{"embeddable":true,"href":"http:\/\/desarrollo.grupomedios.com\/futbol\/wp-json\/wp\/v2\/comments?post=450443"}],"version-history":[{"count":0,"href":"http:\/\/desarrollo.grupomedios.com\/futbol\/wp-json\/wp\/v2\/posts\/450443\/revisions"}],"wp:featuredmedia":[{"embeddable":true,"href":"http:\/\/desarrollo.grupomedios.com\/futbol\/wp-json\/wp\/v2\/media\/422144"}],"wp:attachment":[{"href":"http:\/\/desarrollo.grupomedios.com\/futbol\/wp-json\/wp\/v2\/media?parent=450443"}],"wp:term":[{"taxonomy":"category","embeddable":true,"href":"http:\/\/desarrollo.grupomedios.com\/futbol\/wp-json\/wp\/v2\/categories?post=450443"},{"taxonomy":"post_tag","embeddable":true,"href":"http:\/\/desarrollo.grupomedios.com\/futbol\/wp-json\/wp\/v2\/tags?post=450443"}],"curies":[{"name":"wp","href":"https:\/\/api.w.org\/{rel}","templated":true}]}}