{"id":450448,"date":"2016-12-22T12:11:23","date_gmt":"2016-12-22T18:11:23","guid":{"rendered":"https:\/\/www.futboltotal.com.mx\/?p=450448"},"modified":"2016-12-22T12:11:23","modified_gmt":"2016-12-22T18:11:23","slug":"psg-va-julian-draxler-36-mde","status":"publish","type":"post","link":"http:\/\/desarrollo.grupomedios.com\/futbol\/futbol-internacional\/psg-va-julian-draxler-36-mde\/2016\/12","title":{"rendered":"El PSG va por Julian Draxler con 36 mde"},"content":{"rendered":"<p>El club franc\u00e9s Par\u00eds Saint Germain (PSG) acord\u00f3 pagar 36 millones de euros para fichar al medio ofensivo del Wolfsburgo<strong> Julian Draxler<\/strong>, durante el mercado de fichajes de invierno, seg\u00fan inform\u00f3 el diario L&#8217;Equipe en su versi\u00f3n electr\u00f3nica.<\/p>\n<p style=\"text-align: center;\"><a href=\"https:\/\/www.futboltotal.com.mx\/2016\/12\/colocan-a-zaldivar-en-la-serie-a\/\"><span style=\"color: #3366ff;\">LEER M\u00c1S: Colocan a Zald\u00edvar en la Serie A<\/span><\/a><\/p>\n<p><strong>Draxler<\/strong>, de 23 a\u00f1os, reforzar\u00eda el ataque integrado por el uruguayo Edinson Cavani, el brasile\u00f1o Lucas Moura, el argentino \u00c1ngel di Mar\u00eda, el franco-tunecino Hatem Ben Arfa, el tambi\u00e9n argentino Javier Pastore y el espa\u00f1ol Jes\u00e9, de quien se piensa saldr\u00e1 del club durante el mismo periodo de transferencias.<\/p>\n<p>El virtuoso mediocampista alem\u00e1n, quien ha jugado para <em>Die\u00a0Mannschaft<\/em> en 27 ocasiones y con la cual se proclam\u00f3 campe\u00f3n del mundo en Brasil 2014, tambi\u00e9n jug\u00f3 para el Schalke 04 entre 2011 y 2015.<\/p>\n<p style=\"text-align: center;\"><a href=\"https:\/\/www.futboltotal.com.mx\/2016\/12\/fernando-gago-tambien-es-tentado-por-los-chinos\/\"><span style=\"color: #3366ff;\">LEER M\u00c1S: Fernando Gago tambi\u00e9n es tentado por los chinos<\/span><\/a><\/p>\n<p>De confirmarse el fichaje, Julian Draxler tiene v\u00eda libre para disputar los octavos de final de la Champions League contra el Barcelona, en febrero de 2017, debido a que con el Wolfsburgo no empez\u00f3 ninguna competici\u00f3n europea.<\/p>\n<p><b>S\u00edguenos en <span id=\"m_2376095945797437725goog_2054972132\"><\/span>Twitter <a href=\"https:\/\/twitter.com\/MXFutbolTotal\" target=\"_blank\" data-saferedirecturl=\"https:\/\/www.google.com\/url?hl=es&amp;q=https:\/\/twitter.com\/MXFutbolTotal&amp;source=gmail&amp;ust=1482503542700000&amp;usg=AFQjCNG0SptYroTJu4dzPV-BkdDZjPiUVA\">@MXFutbolTotal<\/a><\/b><\/p>\n","protected":false},"excerpt":{"rendered":"<p>El alem\u00e1n estar\u00eda disponible para jugar en frebrero los octavos de la Champions League.<\/p>\n","protected":false},"author":20,"featured_media":415335,"comment_status":"closed","ping_status":"closed","sticky":false,"template":"","format":"standard","meta":[],"categories":[3839,7521],"tags":[6000,3513,408,2845,6014,3521],"_links":{"self":[{"href":"http:\/\/desarrollo.grupomedios.com\/futbol\/wp-json\/wp\/v2\/posts\/450448"}],"collection":[{"href":"http:\/\/desarrollo.grupomedios.com\/futbol\/wp-json\/wp\/v2\/posts"}],"about":[{"href":"http:\/\/desarrollo.grupomedios.com\/futbol\/wp-json\/wp\/v2\/types\/post"}],"author":[{"embeddable":true,"href":"http:\/\/desarrollo.grupomedios.com\/futbol\/wp-json\/wp\/v2\/users\/20"}],"replies":[{"embeddable":true,"href":"http:\/\/desarrollo.grupomedios.com\/futbol\/wp-json\/wp\/v2\/comments?post=450448"}],"version-history":[{"count":0,"href":"http:\/\/desarrollo.grupomedios.com\/futbol\/wp-json\/wp\/v2\/posts\/450448\/revisions"}],"wp:featuredmedia":[{"embeddable":true,"href":"http:\/\/desarrollo.grupomedios.com\/futbol\/wp-json\/wp\/v2\/media\/415335"}],"wp:attachment":[{"href":"http:\/\/desarrollo.grupomedios.com\/futbol\/wp-json\/wp\/v2\/media?parent=450448"}],"wp:term":[{"taxonomy":"category","embeddable":true,"href":"http:\/\/desarrollo.grupomedios.com\/futbol\/wp-json\/wp\/v2\/categories?post=450448"},{"taxonomy":"post_tag","embeddable":true,"href":"http:\/\/desarrollo.grupomedios.com\/futbol\/wp-json\/wp\/v2\/tags?post=450448"}],"curies":[{"name":"wp","href":"https:\/\/api.w.org\/{rel}","templated":true}]}}