{"id":450479,"date":"2016-12-22T14:08:10","date_gmt":"2016-12-22T20:08:10","guid":{"rendered":"https:\/\/www.futboltotal.com.mx\/?p=450479"},"modified":"2016-12-22T14:08:10","modified_gmt":"2016-12-22T20:08:10","slug":"despiden-entrenador-agredir-directiva","status":"publish","type":"post","link":"http:\/\/desarrollo.grupomedios.com\/futbol\/futbol-internacional\/despiden-entrenador-agredir-directiva\/2016\/12","title":{"rendered":"Despiden a entrenador por agredir a la directiva"},"content":{"rendered":"<p>El seleccionador de Sud\u00e1frica,\u00a0<strong>Ephraim Mashaba<\/strong>, ha sido despedido hoy por insultar a <strong>Danny Jordaan,<\/strong> presidente de la <strong>Federaci\u00f3n de F\u00fatbol de Sud\u00e1frica<\/strong> (SAFA), y a Dennis Mumble, director ejecutivo de la federaci\u00f3n.<\/p>\n<p><strong>Mashaba<\/strong>, argumentando falta de apoyo, se neg\u00f3 a aceptar las felicitaciones despu\u00e9s de que su equipo derrotara 2-1 a Senegal e insult\u00f3 p\u00fablicamente a los miembros de la directiva.<\/p>\n<p style=\"text-align: center;\"><span style=\"color: #3366ff;\"><a style=\"color: #3366ff;\" href=\"https:\/\/www.futboltotal.com.mx\/2016\/12\/asi-terminara-la-ida-la-final-america-tigres-segun-fifa-17\/\" target=\"_blank\">LEER M\u00c1S: As\u00ed terminar\u00e1 la Ida de la Final Am\u00e9rica-Tigres seg\u00fan FIFA 17<\/a><\/span><\/p>\n<p>Los cargos de los que se le acusan son conducta inapropiada, insubordinaci\u00f3n y violaci\u00f3n de la pol\u00edtica de comunicaci\u00f3n de la <strong>SAFA<\/strong>, seg\u00fan ha hecho saber la propia federaci\u00f3n en un comunicado.<\/p>\n<blockquote><p>&#8220;Debido a la gravedad de las acciones del entrenador, tenemos que despedir a nuestro seleccionador con efecto inmediato. Sin demoras iniciaremos la b\u00fasqueda de un nuevo seleccionador familiar con el f\u00fatbol africano para que contin\u00fae con el objetivo de conseguir la clasificaci\u00f3n para el Mundial&#8221;, anuncia\u00a0el comunicado de la<strong> SAFA.<\/strong><\/p><\/blockquote>\n<p><strong>Sud\u00e1frica<\/strong> lidera, junto a Burkina Faso, el grupo D de clasificaci\u00f3n para el<strong> Mundial de 2018,<\/strong> aunque no logr\u00f3 el pase para la ronda final de la Copa de \u00c1frica que comienza el pr\u00f3ximo mes de enero en Gab\u00f3n<\/p>\n<p>S\u00edguenos en Twitter: <a href=\"https:\/\/twitter.com\/MXFutbolTotal\" target=\"_blank\">@MXFutbolTotal<\/a><\/p>\n","protected":false},"excerpt":{"rendered":"<p>Mashaba se neg\u00f3 a aceptar las felicitaciones por parte de la directiva. <\/p>\n","protected":false},"author":20,"featured_media":450481,"comment_status":"closed","ping_status":"closed","sticky":false,"template":"","format":"standard","meta":[],"categories":[3839],"tags":[818],"_links":{"self":[{"href":"http:\/\/desarrollo.grupomedios.com\/futbol\/wp-json\/wp\/v2\/posts\/450479"}],"collection":[{"href":"http:\/\/desarrollo.grupomedios.com\/futbol\/wp-json\/wp\/v2\/posts"}],"about":[{"href":"http:\/\/desarrollo.grupomedios.com\/futbol\/wp-json\/wp\/v2\/types\/post"}],"author":[{"embeddable":true,"href":"http:\/\/desarrollo.grupomedios.com\/futbol\/wp-json\/wp\/v2\/users\/20"}],"replies":[{"embeddable":true,"href":"http:\/\/desarrollo.grupomedios.com\/futbol\/wp-json\/wp\/v2\/comments?post=450479"}],"version-history":[{"count":0,"href":"http:\/\/desarrollo.grupomedios.com\/futbol\/wp-json\/wp\/v2\/posts\/450479\/revisions"}],"wp:featuredmedia":[{"embeddable":true,"href":"http:\/\/desarrollo.grupomedios.com\/futbol\/wp-json\/wp\/v2\/media\/450481"}],"wp:attachment":[{"href":"http:\/\/desarrollo.grupomedios.com\/futbol\/wp-json\/wp\/v2\/media?parent=450479"}],"wp:term":[{"taxonomy":"category","embeddable":true,"href":"http:\/\/desarrollo.grupomedios.com\/futbol\/wp-json\/wp\/v2\/categories?post=450479"},{"taxonomy":"post_tag","embeddable":true,"href":"http:\/\/desarrollo.grupomedios.com\/futbol\/wp-json\/wp\/v2\/tags?post=450479"}],"curies":[{"name":"wp","href":"https:\/\/api.w.org\/{rel}","templated":true}]}}