{"id":450508,"date":"2016-12-22T17:37:29","date_gmt":"2016-12-22T23:37:29","guid":{"rendered":"https:\/\/www.futboltotal.com.mx\/?p=450508"},"modified":"2016-12-22T17:37:29","modified_gmt":"2016-12-22T23:37:29","slug":"reyes-espanyol-quedan-copa-rey","status":"publish","type":"post","link":"http:\/\/desarrollo.grupomedios.com\/futbol\/futbol-internacional\/reyes-espanyol-quedan-copa-rey\/2016\/12","title":{"rendered":"Reyes y Espanyol, fuera de la Copa del Rey con &#8216;Alcorconazo&#8217;"},"content":{"rendered":"<p>El <strong>Espanyol<\/strong> sufri\u00f3 un &#8220;Alcorconazo&#8221; y fue eliminado de la <strong>Copa del Rey<\/strong> por el conjunto madrile\u00f1o de Segunda Divisi\u00f3n, que repiti\u00f3 el resultado del choque de ida (1-1) y, en los penaltis, acab\u00f3 con el conjunto periquito para alcanzar los octavos de final de la competici\u00f3n.<\/p>\n<p>Desde que en 2009 el <strong>Alcorc\u00f3n<\/strong> humillara al Real Madrid en la misma ronda, los dieciseisavos de final, el equipo alfarero ha conseguido repetir esa gesta en varias ocasiones. Lo logr\u00f3 en la temporada 2011\/12 cuando se carg\u00f3 a otro primera como el Zaragoza tambi\u00e9n en dieciseisavos e hizo lo mismo en el curso 2013\/14 para dejar fuera al Granada.<\/p>\n<p style=\"text-align: center;\"><span style=\"color: #3366ff;\"><a style=\"color: #3366ff;\" href=\"https:\/\/www.futboltotal.com.mx\/2016\/12\/america-tigres-mandones-modernos-la-liga-mx\/\" target=\"_blank\">LEER M\u00c1S: Am\u00e9rica y Tigres, mandones modernos de la Liga MX<\/a><\/span><\/p>\n<p>El <strong>Alc\u00f3rc\u00f3n<\/strong> ten\u00eda que remontar un 1-1 del choque de ida. Con el valor doble de los goles en contra, estaba obligado a salir a por el partido. La empresa era dif\u00edcil, porque despu\u00e9s de un inicio err\u00e1tico en Segunda Divisi\u00f3n, y pese a mostrar alg\u00fan brote verde en las \u00faltimas jornadas, ten\u00eda que deshacerse de un Primera Divisi\u00f3n.<\/p>\n<p>El tanto de \u00c1lvaro Gim\u00e9nez, con un cabezazo a la salida de un c\u00f3rner en la primera parte, avis\u00f3 al <strong>Espanyol,<\/strong> que durante el resto del partido acos\u00f3 la porter\u00eda del <strong>Alcorc\u00f3n<\/strong> con \u00e9xito sobre la bocina gracias al gol de Hern\u00e1n P\u00e9rez en el \u00faltimo suspiro.<\/p>\n<p>Despu\u00e9s, en la pr\u00f3rroga no se movi\u00f3 el marcador y los penaltis decidieron. Para el Espanyol fallaron Gerard Moreno y Jos\u00e9 Manuel Jurado y para el <strong>Alcorc\u00f3n<\/strong> s\u00f3lo err\u00f3 \u00d3scar Plano. Y, de ese modo, el Alcorc\u00f3n estar\u00e1 en octavos de final.<\/p>\n<p><strong>Diego Reyes<\/strong> jug\u00f3 todo el encuentro con los <em>Periquitos<\/em>, pero no pudo evitar la ca\u00edda de su equipo.<\/p>\n<p>El Athletic, el Celta, el Espanyol y el Alav\u00e9s estar\u00e1n en el bombo de los octavos junto a Real Madrid, Villarreal, Sevilla, Barcelona, Atl\u00e9tico, C\u00f3rdoba, Real Sociedad, Las Palmas, Eibar, Osasuna, Valencia y Deportivo.<\/p>\n<p>S\u00edguenos en Twitter: <a href=\"https:\/\/twitter.com\/MXFutbolTotal\" target=\"_blank\">@MXFutbolTotal<\/a><\/p>\n","protected":false},"excerpt":{"rendered":"<p>Diego Reyes y el Espanyol no pudieron con el equipo de Segunda Divisi\u00f3n. <\/p>\n","protected":false},"author":20,"featured_media":437578,"comment_status":"closed","ping_status":"closed","sticky":false,"template":"","format":"standard","meta":[],"categories":[3839,3844,5951],"tags":[4386,6006,67],"_links":{"self":[{"href":"http:\/\/desarrollo.grupomedios.com\/futbol\/wp-json\/wp\/v2\/posts\/450508"}],"collection":[{"href":"http:\/\/desarrollo.grupomedios.com\/futbol\/wp-json\/wp\/v2\/posts"}],"about":[{"href":"http:\/\/desarrollo.grupomedios.com\/futbol\/wp-json\/wp\/v2\/types\/post"}],"author":[{"embeddable":true,"href":"http:\/\/desarrollo.grupomedios.com\/futbol\/wp-json\/wp\/v2\/users\/20"}],"replies":[{"embeddable":true,"href":"http:\/\/desarrollo.grupomedios.com\/futbol\/wp-json\/wp\/v2\/comments?post=450508"}],"version-history":[{"count":0,"href":"http:\/\/desarrollo.grupomedios.com\/futbol\/wp-json\/wp\/v2\/posts\/450508\/revisions"}],"wp:featuredmedia":[{"embeddable":true,"href":"http:\/\/desarrollo.grupomedios.com\/futbol\/wp-json\/wp\/v2\/media\/437578"}],"wp:attachment":[{"href":"http:\/\/desarrollo.grupomedios.com\/futbol\/wp-json\/wp\/v2\/media?parent=450508"}],"wp:term":[{"taxonomy":"category","embeddable":true,"href":"http:\/\/desarrollo.grupomedios.com\/futbol\/wp-json\/wp\/v2\/categories?post=450508"},{"taxonomy":"post_tag","embeddable":true,"href":"http:\/\/desarrollo.grupomedios.com\/futbol\/wp-json\/wp\/v2\/tags?post=450508"}],"curies":[{"name":"wp","href":"https:\/\/api.w.org\/{rel}","templated":true}]}}