{"id":450624,"date":"2016-12-23T09:31:23","date_gmt":"2016-12-23T15:31:23","guid":{"rendered":"https:\/\/www.futboltotal.com.mx\/?p=450624"},"modified":"2016-12-23T09:31:23","modified_gmt":"2016-12-23T15:31:23","slug":"cristiano-ronaldo-hace-una-donacion","status":"publish","type":"post","link":"http:\/\/desarrollo.grupomedios.com\/futbol\/futbol-internacional\/cristiano-ronaldo-hace-una-donacion\/2016\/12","title":{"rendered":"Cristiano Ronaldo hace una donaci\u00f3n en apoyo a ni\u00f1os sirios"},"content":{"rendered":"<p>El astro portugu\u00e9s <strong>Cristiano Ronaldo<\/strong> realiz\u00f3 una donaci\u00f3n a la organizaci\u00f3n <em>Save the Children<\/em> para apoyar a los ni\u00f1os y a las familias afectadas por la guerra de Siria.<\/p>\n<p>El extremo del Real Madrid subi\u00f3 un mensaje en sus redes sociales, acompa\u00f1ado de un video en el que se\u00f1al\u00f3 que a pesar de ser \u00e9l un futbolista mundialmente conocido, los ni\u00f1os sirios son &#8220;los verdaderos h\u00e9roes&#8221;.<\/p>\n<blockquote class=\"twitter-tweet\" data-width=\"500\">\n<p lang=\"en\" dir=\"ltr\">A message of hope to the children affected by the conflict in Syria. <a href=\"https:\/\/twitter.com\/SavetheChildren\">@SavetheChildren<\/a> <a href=\"https:\/\/t.co\/Zsdvu2nuXd\">pic.twitter.com\/Zsdvu2nuXd<\/a><\/p>\n<p>&mdash; Cristiano Ronaldo (@Cristiano) <a href=\"https:\/\/twitter.com\/Cristiano\/status\/812297170040881152\">December 23, 2016<\/a><\/p><\/blockquote>\n<p><script async src=\"\/\/platform.twitter.com\/widgets.js\" charset=\"utf-8\"><\/script><\/p>\n<p style=\"text-align: center;\"><a href=\"https:\/\/www.futboltotal.com.mx\/2016\/12\/china-rompe-record-pase-oscar\/\"><span style=\"color: #3366ff;\">LEER M\u00c1S: China rompe r\u00e9cord con pase de Oscar<\/span><\/a><\/p>\n<p>&#8220;Esto es por los ni\u00f1os de Siria. Sabemos que han sufrido mucho. Soy un jugador muy famoso, pero ustedes son los verdaderos h\u00e9roes. No pierdan la esperanza. El mundo est\u00e1 con ustedes. Nos importan. Estoy con ustedes&#8221;, dice <em>CR7<\/em> en el video.<\/p>\n<p>El monto de la donaci\u00f3n no ser\u00e1 revelada por deseo de <strong>Cristiano Ronaldo<\/strong> al considerar que &#8220;se trata de algo privado y que lo que importa es el gesto y no la cantidad&#8221;.<\/p>\n<p>Seg\u00fan inform\u00f3 la organizaci\u00f3n <em>Save the Children<\/em> en un comunicado, la donaci\u00f3n ser\u00e1 utilizada para comprar comida, ropa, otordar cuidados m\u00e9dicos y apoyo psicol\u00f3gico a ni\u00f1os y familias que viven en Siria, pa\u00eds que desde hace m\u00e1s de cinco a\u00f1os est\u00e1 en guerra.<\/p>\n<p>En tanto, Nick Finney, director de <em>Save the Children<\/em> para el noroeste de Siria, agradeci\u00f3 el gesto del astro luso: &#8220;La generosa donaci\u00f3n de <strong>Cristiano Ronaldo<\/strong> nos ayudar\u00e1 a apoyar a ni\u00f1os de Alepo y de toda Siria, que han sufrido cosas que un ni\u00f1o nunca deber\u00eda vivir. Estamos tremendamente agradecidos por su apoyo, que cambiar\u00e1 la vida de muchos&#8221;.<\/p>\n<p style=\"text-align: center;\"><a href=\"https:\/\/www.futboltotal.com.mx\/2016\/12\/la-ex-futbolista-josephine-skriver-se-desnuda\/\"><span style=\"color: #3366ff;\">LEER M\u00c1S: \u00a1Bella ex-futbolista se desnuda!<\/span><\/a><\/p>\n<p>Finney afirm\u00f3 que el campe\u00f3n de Europa con Portugal &#8220;no es s\u00f3lo una de las figuras m\u00e1s ic\u00f3nicas&#8221; del deporte mundial, sino que adem\u00e1s se ha convertido en &#8220;un rayo de esperanza para millones de ni\u00f1os y ni\u00f1as en todo el mundo&#8221;.<\/p>\n<p>Esta no es la primera ocasi\u00f3n que <em>CR7<\/em>, embajador de <em>Save the Children<\/em> desde 2013, hace un llamado sobre el conflicto en Siria. En marzo pasado public\u00f3 en sus redes sociales una imagen en la que aparec\u00eda con su hijo, sosteniendo una fotograf\u00eda de un refugiado sirio de cinco a\u00f1os para sensibilizar a sus seguidores.<\/p>\n<p><b>S\u00edguenos en <span id=\"m_-3007438030779023993goog_2054972132\"><\/span>Twitter <a href=\"https:\/\/twitter.com\/MXFutbolTotal\" target=\"_blank\" data-saferedirecturl=\"https:\/\/www.google.com\/url?hl=es&amp;q=https:\/\/twitter.com\/MXFutbolTotal&amp;source=gmail&amp;ust=1482589172522000&amp;usg=AFQjCNHu44mNezrtUjbRYGyvd9FqcDER9A\">@MXFutbolTotal<\/a><\/b><\/p>\n","protected":false},"excerpt":{"rendered":"<p>El astro luso se caracteriza por su sensibilidad social.<\/p>\n","protected":false},"author":20,"featured_media":450630,"comment_status":"closed","ping_status":"closed","sticky":false,"template":"","format":"standard","meta":[],"categories":[3839,3844,5951],"tags":[6013,715,5988],"_links":{"self":[{"href":"http:\/\/desarrollo.grupomedios.com\/futbol\/wp-json\/wp\/v2\/posts\/450624"}],"collection":[{"href":"http:\/\/desarrollo.grupomedios.com\/futbol\/wp-json\/wp\/v2\/posts"}],"about":[{"href":"http:\/\/desarrollo.grupomedios.com\/futbol\/wp-json\/wp\/v2\/types\/post"}],"author":[{"embeddable":true,"href":"http:\/\/desarrollo.grupomedios.com\/futbol\/wp-json\/wp\/v2\/users\/20"}],"replies":[{"embeddable":true,"href":"http:\/\/desarrollo.grupomedios.com\/futbol\/wp-json\/wp\/v2\/comments?post=450624"}],"version-history":[{"count":0,"href":"http:\/\/desarrollo.grupomedios.com\/futbol\/wp-json\/wp\/v2\/posts\/450624\/revisions"}],"wp:featuredmedia":[{"embeddable":true,"href":"http:\/\/desarrollo.grupomedios.com\/futbol\/wp-json\/wp\/v2\/media\/450630"}],"wp:attachment":[{"href":"http:\/\/desarrollo.grupomedios.com\/futbol\/wp-json\/wp\/v2\/media?parent=450624"}],"wp:term":[{"taxonomy":"category","embeddable":true,"href":"http:\/\/desarrollo.grupomedios.com\/futbol\/wp-json\/wp\/v2\/categories?post=450624"},{"taxonomy":"post_tag","embeddable":true,"href":"http:\/\/desarrollo.grupomedios.com\/futbol\/wp-json\/wp\/v2\/tags?post=450624"}],"curies":[{"name":"wp","href":"https:\/\/api.w.org\/{rel}","templated":true}]}}