{"id":450639,"date":"2016-12-23T10:39:33","date_gmt":"2016-12-23T16:39:33","guid":{"rendered":"https:\/\/www.futboltotal.com.mx\/?p=450639"},"modified":"2016-12-23T10:39:33","modified_gmt":"2016-12-23T16:39:33","slug":"maradona-celebrara-los-30-anos-del-titulo-del-napoli","status":"publish","type":"post","link":"http:\/\/desarrollo.grupomedios.com\/futbol\/futbol-internacional\/maradona-celebrara-los-30-anos-del-titulo-del-napoli\/2016\/12","title":{"rendered":"Maradona celebrar\u00e1 los 30 a\u00f1os del t\u00edtulo del Napoli"},"content":{"rendered":"<p>El exjugador argentino del Napoli Diego Armando Maradona ser\u00e1 el protagonista de un espect\u00e1culo celebrada en esa ciudad italiana para celebrar el 30 aniversario del primer t\u00edtulo liguero del club, informaron este viernes los organizadores.<\/p>\n<p>El acto lleva por t\u00edtulo &#8220;Tres veces diez&#8221; y en \u00e9l, Maradona, capit\u00e1n del Napoli que se hizo con el primer <em>Scudetto<\/em> en la temporada 1986\/87, contar\u00e1 su experiencia el 16 de enero en el teatro San Carlo napolitano.<\/p>\n<p>El espect\u00e1culo ha sido ideado por el actor italiano Alessandro Siani y su t\u00edtulo, &#8220;Tres veces diez&#8221;, juega con el n\u00famero de camiseta del argentino y el 30 aniversario del trofeo.<\/p>\n<p style=\"text-align: center;\"><span style=\"color: #3366ff;\"><a style=\"color: #3366ff;\" href=\"https:\/\/www.futboltotal.com.mx\/2016\/12\/anuarioft-2016-los-mejores-momentos-abril\/\">LEEER M\u00c1S: AnuarioFT 2016: Los mejores momentos de Abril<\/a><\/span><\/p>\n<p>&#8220;Maradona dar\u00e1 por primera vez en un teatro su muestra de amor y libertad, contando sus ideas y su incre\u00edble vida&#8221;, explic\u00f3 Siani en la presentaci\u00f3n del evento.<\/p>\n<p>El <em>Pibe de Oro<\/em> se exhibir\u00e1 en el escenario del San Carlo y comentar\u00e1 algunas de las im\u00e1genes m\u00e1s representativas de su etapa en el Napoli, en el que jug\u00f3 entre 1984 y 1991 conquistando dos Scudettos, una Copa Uefa, una Copa Italia y una Supercopa nacional.<\/p>\n<p>Hay gran expectaci\u00f3n en N\u00e1poles para acudir en vivo al espect\u00e1culo de Maradona, por el que los precios oscilan entre los 330 euros de las butacas en las primeras tres filas y los 66 euros de la galer\u00eda, seg\u00fan avanzan los medios locales. EFE<\/p>\n","protected":false},"excerpt":{"rendered":"<p>Maradona ser\u00e1 parte de la celebraci\u00f3n del Napoli<\/p>\n","protected":false},"author":144,"featured_media":450643,"comment_status":"closed","ping_status":"closed","sticky":false,"template":"","format":"standard","meta":[],"categories":[3839,5951],"tags":[160],"_links":{"self":[{"href":"http:\/\/desarrollo.grupomedios.com\/futbol\/wp-json\/wp\/v2\/posts\/450639"}],"collection":[{"href":"http:\/\/desarrollo.grupomedios.com\/futbol\/wp-json\/wp\/v2\/posts"}],"about":[{"href":"http:\/\/desarrollo.grupomedios.com\/futbol\/wp-json\/wp\/v2\/types\/post"}],"author":[{"embeddable":true,"href":"http:\/\/desarrollo.grupomedios.com\/futbol\/wp-json\/wp\/v2\/users\/144"}],"replies":[{"embeddable":true,"href":"http:\/\/desarrollo.grupomedios.com\/futbol\/wp-json\/wp\/v2\/comments?post=450639"}],"version-history":[{"count":0,"href":"http:\/\/desarrollo.grupomedios.com\/futbol\/wp-json\/wp\/v2\/posts\/450639\/revisions"}],"wp:featuredmedia":[{"embeddable":true,"href":"http:\/\/desarrollo.grupomedios.com\/futbol\/wp-json\/wp\/v2\/media\/450643"}],"wp:attachment":[{"href":"http:\/\/desarrollo.grupomedios.com\/futbol\/wp-json\/wp\/v2\/media?parent=450639"}],"wp:term":[{"taxonomy":"category","embeddable":true,"href":"http:\/\/desarrollo.grupomedios.com\/futbol\/wp-json\/wp\/v2\/categories?post=450639"},{"taxonomy":"post_tag","embeddable":true,"href":"http:\/\/desarrollo.grupomedios.com\/futbol\/wp-json\/wp\/v2\/tags?post=450639"}],"curies":[{"name":"wp","href":"https:\/\/api.w.org\/{rel}","templated":true}]}}