{"id":450664,"date":"2016-12-23T12:13:01","date_gmt":"2016-12-23T18:13:01","guid":{"rendered":"https:\/\/www.futboltotal.com.mx\/?p=450664"},"modified":"2016-12-23T12:58:27","modified_gmt":"2016-12-23T18:58:27","slug":"definidos-los-octavos-final-la-copa-del-rey","status":"publish","type":"post","link":"http:\/\/desarrollo.grupomedios.com\/futbol\/futbol-internacional\/definidos-los-octavos-final-la-copa-del-rey\/2016\/12","title":{"rendered":"Habr\u00e1 duelo de mexicanos en Octavos de la Copa del Rey"},"content":{"rendered":"<p>Athletic Club de Bilbao-Barcelona y Real Madrid-Sevilla han quedado emparejados en los octavos de final de la <strong>Copa del Rey<\/strong> espa\u00f1ola, mientras que los dos \u00fanicos clubes de Segunda, Alcorc\u00f3n y C\u00f3rdoba, se enfrentar\u00e1n entre ellos.<\/p>\n<p>El vigente campe\u00f3n, el Barcelona, tras eliminar al H\u00e9rcules en dieciseisavos, seguir\u00e1 defendiendo su corona frente al Athletic Club de Bilbao, siendo el primer encuentro en San Mam\u00e9s y la vuelta en el Camp Nou.<\/p>\n<p>El actual l\u00edder del campeonato liguero, el Real Madrid, recibir\u00e1 en la ida en el Santiago Bernab\u00e9u al Sevilla, en un enfrentamiento que ser\u00e1 la reedici\u00f3n de la final de la \u00faltima Supercopa de Europa que se llev\u00f3 el cuadro blanco.<\/p>\n<p>El conjunto madridista, que gan\u00f3 por \u00faltima vez la <strong>Copa del Rey<\/strong> en 2014, ha accedido a octavos tras eliminar en la ronda anterior a la Cultural Leonesa, mientras que el Sevilla se deshizo contundentemente del Formentera por un global de 14-2.<\/p>\n<p style=\"text-align: center;\"><span style=\"color: #3366ff;\"><a style=\"color: #3366ff;\" href=\"https:\/\/www.futboltotal.com.mx\/2016\/12\/una-oferta-puede-sacar-a-dario-benedetto-boca-juniors\/\">LEER M\u00c1S: Una oferta puede sacar a Dar\u00edo Benedetto de Boca Juniors<\/a><\/span><\/p>\n<blockquote class=\"twitter-tweet\" data-width=\"500\">\n<p lang=\"es\" dir=\"ltr\">Octavos de Final de <a href=\"https:\/\/twitter.com\/hashtag\/CopadelRey?src=hash\">#CopadelRey<\/a> 2016\/17 <a href=\"https:\/\/t.co\/Jasow3ghBE\">pic.twitter.com\/Jasow3ghBE<\/a><\/p>\n<p>&mdash; Esteban G\u00f3mez (@mirondo9) <a href=\"https:\/\/twitter.com\/mirondo9\/status\/812289166453182464\">December 23, 2016<\/a><\/p><\/blockquote>\n<p><script async src=\"\/\/platform.twitter.com\/widgets.js\" charset=\"utf-8\"><\/script><\/p>\n<p>El Atl\u00e9tico de Madrid, que no juega una final copera desde 2013, espera seguir dando pasos en la competici\u00f3n y en octavos se medir\u00e1 a la UD Las Palmas, d\u00e9cimo clasificado en la Liga.<\/p>\n<p>El equipo canario, dirigido por Quique Setien, jugar\u00e1 el primer partido en la isla, mientras que en la vuelta se tendr\u00e1 que desplazar al Vicente Calder\u00f3n, estadio en el que perdi\u00f3 por la m\u00ednima en el campeonato liguero.<\/p>\n<p>Adem\u00e1s, en la instancia de Octavos habr\u00e1 duelo de mexicanos, pues la Real Sociedad de Carlos Vela, que elimin\u00f3 en dieciseisavos al Valladolid, se enfrentar\u00e1 al Villarreal de Jonathan Dos Santos, cuarto clasificado en la Liga. El primer encuentro ser\u00e1 en Anoeta y la vuelta en El Madrigal.<\/p>\n","protected":false},"excerpt":{"rendered":"<p>Carlos Vela y Jonathan Dos Santos se enfrentar\u00e1n en el Real Sociedad vs Villarreal.<\/p>\n","protected":false},"author":144,"featured_media":450672,"comment_status":"closed","ping_status":"closed","sticky":false,"template":"","format":"standard","meta":[],"categories":[3839],"tags":[6048,96,48,102,2607],"_links":{"self":[{"href":"http:\/\/desarrollo.grupomedios.com\/futbol\/wp-json\/wp\/v2\/posts\/450664"}],"collection":[{"href":"http:\/\/desarrollo.grupomedios.com\/futbol\/wp-json\/wp\/v2\/posts"}],"about":[{"href":"http:\/\/desarrollo.grupomedios.com\/futbol\/wp-json\/wp\/v2\/types\/post"}],"author":[{"embeddable":true,"href":"http:\/\/desarrollo.grupomedios.com\/futbol\/wp-json\/wp\/v2\/users\/144"}],"replies":[{"embeddable":true,"href":"http:\/\/desarrollo.grupomedios.com\/futbol\/wp-json\/wp\/v2\/comments?post=450664"}],"version-history":[{"count":0,"href":"http:\/\/desarrollo.grupomedios.com\/futbol\/wp-json\/wp\/v2\/posts\/450664\/revisions"}],"wp:featuredmedia":[{"embeddable":true,"href":"http:\/\/desarrollo.grupomedios.com\/futbol\/wp-json\/wp\/v2\/media\/450672"}],"wp:attachment":[{"href":"http:\/\/desarrollo.grupomedios.com\/futbol\/wp-json\/wp\/v2\/media?parent=450664"}],"wp:term":[{"taxonomy":"category","embeddable":true,"href":"http:\/\/desarrollo.grupomedios.com\/futbol\/wp-json\/wp\/v2\/categories?post=450664"},{"taxonomy":"post_tag","embeddable":true,"href":"http:\/\/desarrollo.grupomedios.com\/futbol\/wp-json\/wp\/v2\/tags?post=450664"}],"curies":[{"name":"wp","href":"https:\/\/api.w.org\/{rel}","templated":true}]}}