{"id":450680,"date":"2016-12-23T13:09:52","date_gmt":"2016-12-23T19:09:52","guid":{"rendered":"https:\/\/www.futboltotal.com.mx\/?p=450680"},"modified":"2016-12-23T13:09:52","modified_gmt":"2016-12-23T19:09:52","slug":"detectaron-tumor-a-yeray-alvarez-del-athletic-bilbao","status":"publish","type":"post","link":"http:\/\/desarrollo.grupomedios.com\/futbol\/futbol-internacional\/detectaron-tumor-a-yeray-alvarez-del-athletic-bilbao\/2016\/12","title":{"rendered":"Detectaron un tumor a Yeray \u00c1lvarez del Athletic de Bilbao"},"content":{"rendered":"<p>Una desagradable noticia ha sacudido este viernes al futbol espa\u00f1ol: el <strong>Athletic Club<\/strong> inform\u00f3 que su jugador Yeray \u00c1lvarez sufre un delicado problema de salud.<\/p>\n<p>El presidente del cuadro de Bilbao, Josu Urrutia, confirm\u00f3 en una rueda de prensa ofrecida de manera conjunta con el responsable de los servicios m\u00e9dicos del club, Josean Lekue, que el joven defensa central tiene un tumor en el test\u00edculo.<\/p>\n<p style=\"text-align: center;\"><a href=\"https:\/\/www.futboltotal.com.mx\/futbol-internacional\/\" target=\"_blank\"><span style=\"color: #3366ff;\"><strong>LEER M\u00c1S: Todas las noticias del futbol internacional<\/strong><\/span><\/a><\/p>\n<p>La situaci\u00f3n, como se inform\u00f3 en la conferencia, exige que el defensa sea intervenido. \u201cSer\u00e1 operado la semana que viene\u201d, declar\u00f3 el presidente del <strong>Athletic<\/strong> y explic\u00f3: \u201cel primer proceso terap\u00e9utico es extirpar el tumor\u201d.<\/p>\n<p>Urrutia revel\u00f3 que Yeray \u00c1lvarez ten\u00eda molestias por lo que se le realiz\u00f3 una ecograf\u00eda: \u201cAh\u00ed salt\u00f3 la alarma y hoy hemos hecho m\u00e1s pruebas\u201d. Aunque no se confirm\u00f3 por completo la fecha de la cirug\u00eda, el directivo Bilba\u00edno adelant\u00f3: \u201cVa a ser casi con toda seguridad el pr\u00f3ximo martes 27 de diciembre\u201d.<\/p>\n<blockquote class=\"twitter-tweet\" data-lang=\"es\">\n<p dir=\"ltr\" lang=\"es\">No est\u00e1s s\u00f3lo <a href=\"https:\/\/twitter.com\/yerayalvarez4\">@yerayalvarez4<\/a>. Puedes enviar tu mensaje de apoyo con el hashtag <a href=\"https:\/\/twitter.com\/hashtag\/eutsiYeray?src=hash\">#eutsiYeray<\/a> Le haremos llegar todos vuestros mensajes.<\/p>\n<p>\u2014 Athletic Club (@AthleticClub) <a href=\"https:\/\/twitter.com\/AthleticClub\/status\/812355321712742400\">23 de diciembre de 2016<\/a><\/p><\/blockquote>\n<p><script async src=\"\/\/platform.twitter.com\/widgets.js\" charset=\"utf-8\"><\/script><\/p>\n<p>Seg\u00fan explic\u00f3 el presidente del <strong>Athletic Club<\/strong>, el mismo Yeray decidi\u00f3 que Urrutia y el m\u00e9dico del club dieran a conocer la noticia. Sobre el estado actual del jugador, el dirigente dijo: \u201cLe he visto bien, tranquilo, sereno\u201d.<\/p>\n<p>El Athletic Club lanz\u00f3 un <em>hashtag <\/em>en su cuenta de Twitter, para canalizar ah\u00ed las muestras de apoyo al futbolista de 21 a\u00f1os, que en lo que va de la campa\u00f1a ha disputado 10 partidos en La Liga, nueve de ellos como titular.<\/p>\n<p><a href=\"https:\/\/twitter.com\/MXFutbolTotal\" target=\"_blank\"><span style=\"color: #3366ff;\"><strong>S\u00edguenos en Twitter: @MXFutbolTotal<\/strong><\/span><\/a><\/p>\n","protected":false},"excerpt":{"rendered":"<p>El presidente del club confirm\u00f3 que Yeray ser\u00e1 operado la pr\u00f3xima semana.<\/p>\n","protected":false},"author":20,"featured_media":450681,"comment_status":"closed","ping_status":"closed","sticky":false,"template":"","format":"standard","meta":[],"categories":[3839,3844,5951],"tags":[1709,6057,7875,253,76,7876],"_links":{"self":[{"href":"http:\/\/desarrollo.grupomedios.com\/futbol\/wp-json\/wp\/v2\/posts\/450680"}],"collection":[{"href":"http:\/\/desarrollo.grupomedios.com\/futbol\/wp-json\/wp\/v2\/posts"}],"about":[{"href":"http:\/\/desarrollo.grupomedios.com\/futbol\/wp-json\/wp\/v2\/types\/post"}],"author":[{"embeddable":true,"href":"http:\/\/desarrollo.grupomedios.com\/futbol\/wp-json\/wp\/v2\/users\/20"}],"replies":[{"embeddable":true,"href":"http:\/\/desarrollo.grupomedios.com\/futbol\/wp-json\/wp\/v2\/comments?post=450680"}],"version-history":[{"count":0,"href":"http:\/\/desarrollo.grupomedios.com\/futbol\/wp-json\/wp\/v2\/posts\/450680\/revisions"}],"wp:featuredmedia":[{"embeddable":true,"href":"http:\/\/desarrollo.grupomedios.com\/futbol\/wp-json\/wp\/v2\/media\/450681"}],"wp:attachment":[{"href":"http:\/\/desarrollo.grupomedios.com\/futbol\/wp-json\/wp\/v2\/media?parent=450680"}],"wp:term":[{"taxonomy":"category","embeddable":true,"href":"http:\/\/desarrollo.grupomedios.com\/futbol\/wp-json\/wp\/v2\/categories?post=450680"},{"taxonomy":"post_tag","embeddable":true,"href":"http:\/\/desarrollo.grupomedios.com\/futbol\/wp-json\/wp\/v2\/tags?post=450680"}],"curies":[{"name":"wp","href":"https:\/\/api.w.org\/{rel}","templated":true}]}}