{"id":450762,"date":"2016-12-24T11:15:14","date_gmt":"2016-12-24T17:15:14","guid":{"rendered":"https:\/\/www.futboltotal.com.mx\/?p=450762"},"modified":"2016-12-24T11:15:14","modified_gmt":"2016-12-24T17:15:14","slug":"bimbo-demanda-a-chivas-incumplimiento-contrato","status":"publish","type":"post","link":"http:\/\/desarrollo.grupomedios.com\/futbol\/destacado-home\/bimbo-demanda-a-chivas-incumplimiento-contrato\/2016\/12","title":{"rendered":"\u00a1Demandan a Chivas por incumplimiento de contrato!"},"content":{"rendered":"<p>Las pol\u00e9micas en <strong>Chivas<\/strong> no terminan, no s\u00f3lo por la eliminaci\u00f3n sufrida en los Cuartos de Final del Apertura 2016, o por la sanci\u00f3n de Profeco, sino porque ahora, la empresa mutinacional mexicana, <strong>Bimbo<\/strong>, demandar\u00e1 al conjunto rojiblanco, por 20 millones de d\u00f3lares.<\/p>\n<p>De acuerdo al suplemento deportivo <em>Cancha<\/em>, del diario <em>Reforma<\/em>, <strong>Bimbo<\/strong> qued\u00f3 inconforme con<strong> Chivas<\/strong>, ya que no us\u00f3 su publicidad en el uniforme del Apertura 2016, adem\u00e1s de haberse salido de la televisi\u00f3n abierta, cuando seg\u00fan su acuerdo, el <em>Reba\u00f1o<\/em> deb\u00eda permanecer en la TV p\u00fablica.<\/p>\n<blockquote class=\"twitter-tweet\" data-width=\"500\">\n<p lang=\"es\" dir=\"ltr\">En el \u00faltimo torneo, Chivas no port\u00f3 el logo de Bimbo y sus partidos de local se transmiten por Chivas TV <a href=\"https:\/\/t.co\/5Jiivmpks3\">https:\/\/t.co\/5Jiivmpks3<\/a><\/p>\n<p>&mdash; REFORMACOM (@Reforma) <a href=\"https:\/\/twitter.com\/Reforma\/status\/812614842590855168\">December 24, 2016<\/a><\/p><\/blockquote>\n<p><script async src=\"\/\/platform.twitter.com\/widgets.js\" charset=\"utf-8\"><\/script><\/p>\n<p>\u201c<strong>Grupo Bimbo<\/strong> demand\u00f3 a las <a href=\"http:\/\/futboltotal.com.mx\/equipos\/guadalajara\/\" target=\"_blank\">Chivas del Guadalajara<\/a> por incumplir un contrato de publicidad de 20 millones de d\u00f3lares firmado en noviembre de 2011. Como parte de la demanda, admitida el 6 de octubre, el juez noveno de distrito en materia civil, Rodolfo S\u00e1nchez, dict\u00f3 medidas cautelares que incluyen la obligaci\u00f3n de las Chivas de transmitir sus partidos s\u00f3lo en televisi\u00f3n abierta\u201d, dice la informaci\u00f3n del rotativo.<\/p>\n<p style=\"text-align: center;\"><span style=\"color: #3366ff;\"><a style=\"color: #3366ff;\" href=\"https:\/\/www.futboltotal.com.mx\/2016\/12\/dorsal-usaria-javier-aquino-en-chivas\/\" target=\"_blank\"><strong>LEER M\u00c1S: El dorsal que usar\u00eda Aquino con Chivas<\/strong><\/a><\/span><\/p>\n<p>Tras recibir la demanda, en octubre, Chivas se ampar\u00f3, por lo que en noviembre se logr\u00f3 la suspensi\u00f3n provisional del alegato de Bimbo, pero para ello, el Reba\u00f1o tuvo que pagar 20 millones de d\u00f3lares para mantener la vigencia de la pausa legal; sin embargo, el proceso no ha concluido y el 6 de enero se dar\u00e1 a conocer el nuevo estatus de la pugna.<\/p>\n<p><strong>S\u00edguenos en Twitter:<\/strong> <a href=\"https:\/\/twitter.com\/MXFutbolTotal\" target=\"_blank\">@MXFutbolTotal<\/a><\/p>\n","protected":false},"excerpt":{"rendered":"<p>Bimbo est\u00e1 furioso por salida del Reba\u00f1o de TV abierta.<\/p>\n","protected":false},"author":20,"featured_media":450763,"comment_status":"closed","ping_status":"closed","sticky":false,"template":"","format":"standard","meta":[],"categories":[5419,5,2198,3845],"tags":[70,7110],"_links":{"self":[{"href":"http:\/\/desarrollo.grupomedios.com\/futbol\/wp-json\/wp\/v2\/posts\/450762"}],"collection":[{"href":"http:\/\/desarrollo.grupomedios.com\/futbol\/wp-json\/wp\/v2\/posts"}],"about":[{"href":"http:\/\/desarrollo.grupomedios.com\/futbol\/wp-json\/wp\/v2\/types\/post"}],"author":[{"embeddable":true,"href":"http:\/\/desarrollo.grupomedios.com\/futbol\/wp-json\/wp\/v2\/users\/20"}],"replies":[{"embeddable":true,"href":"http:\/\/desarrollo.grupomedios.com\/futbol\/wp-json\/wp\/v2\/comments?post=450762"}],"version-history":[{"count":0,"href":"http:\/\/desarrollo.grupomedios.com\/futbol\/wp-json\/wp\/v2\/posts\/450762\/revisions"}],"wp:featuredmedia":[{"embeddable":true,"href":"http:\/\/desarrollo.grupomedios.com\/futbol\/wp-json\/wp\/v2\/media\/450763"}],"wp:attachment":[{"href":"http:\/\/desarrollo.grupomedios.com\/futbol\/wp-json\/wp\/v2\/media?parent=450762"}],"wp:term":[{"taxonomy":"category","embeddable":true,"href":"http:\/\/desarrollo.grupomedios.com\/futbol\/wp-json\/wp\/v2\/categories?post=450762"},{"taxonomy":"post_tag","embeddable":true,"href":"http:\/\/desarrollo.grupomedios.com\/futbol\/wp-json\/wp\/v2\/tags?post=450762"}],"curies":[{"name":"wp","href":"https:\/\/api.w.org\/{rel}","templated":true}]}}