{"id":450779,"date":"2016-12-24T13:07:32","date_gmt":"2016-12-24T19:07:32","guid":{"rendered":"https:\/\/www.futboltotal.com.mx\/?p=450779"},"modified":"2016-12-24T13:07:32","modified_gmt":"2016-12-24T19:07:32","slug":"regalo-la-liga-mx-tigres-vs-america","status":"publish","type":"post","link":"http:\/\/desarrollo.grupomedios.com\/futbol\/videos\/regalo-la-liga-mx-tigres-vs-america\/2016\/12","title":{"rendered":"El regalo de la Liga MX para el Tigres vs Am\u00e9rica"},"content":{"rendered":"<p>En v\u00edsperas de la Navidad, la <strong>Liga MX<\/strong> record\u00f3 el regalo decembrino que tiene para la afici\u00f3n que se dar\u00e1 cita en el <strong>Tigres vs Am\u00e9rica<\/strong> del domingo 25, pues al medio tiempo del encuentro definitivo por el t\u00edtulo del Apertura 2016, habr\u00e1 un show musical, se trata del <strong>Grupo Pesado<\/strong>, que amenizar\u00e1 o acrecentar\u00e1 las emociones en el <em>Volc\u00e1n<\/em>.<\/p>\n<p style=\"text-align: center;\"><span style=\"color: #3366ff;\"><a style=\"color: #3366ff;\" href=\"https:\/\/www.futboltotal.com.mx\/2016\/12\/en-vivo-tigres-vs-america-final-vuelta-liga-mx\/\" target=\"_blank\"><strong>LEER M\u00c1S: \u00a1Fecha, hora y detalles del Tigres vs Am\u00e9rica!<\/strong><\/a><\/span><\/p>\n<blockquote class=\"twitter-tweet\" data-width=\"500\">\n<p lang=\"es\" dir=\"ltr\">&#8230; Y recuerda que ma\u00f1ana a la <a href=\"https:\/\/twitter.com\/hashtag\/GranFinal?src=hash\">#GranFinal<\/a> hay que llegar temprano y disfrutar de <a href=\"https:\/\/twitter.com\/grupo_pesado\">@grupo_pesado<\/a> En Concierto<a href=\"https:\/\/twitter.com\/hashtag\/SienteTuLiga?src=hash\">#SienteTuLiga<\/a> <a href=\"https:\/\/t.co\/iALKHFpfnm\">pic.twitter.com\/iALKHFpfnm<\/a><\/p>\n<p>&mdash; LIGA Bancomer MX (@LIGABancomerMX) <a href=\"https:\/\/twitter.com\/LIGABancomerMX\/status\/812707835649921024\">December 24, 2016<\/a><\/p><\/blockquote>\n<p><script async src=\"\/\/platform.twitter.com\/widgets.js\" charset=\"utf-8\"><\/script><\/p>\n<blockquote class=\"twitter-tweet\" data-width=\"500\">\n<p lang=\"es\" dir=\"ltr\">Disfruta del regalo de Navidad que <a href=\"https:\/\/twitter.com\/hashtag\/LIGABancomerMX?src=hash\">#LIGABancomerMX<\/a> ha preparado para ti en la VUELTA de la <a href=\"https:\/\/twitter.com\/hashtag\/GranFinal?src=hash\">#GranFinal<\/a><br \/> <a href=\"https:\/\/twitter.com\/grupo_pesado\">@grupo_pesado<\/a> arranca a las 430PM. <a href=\"https:\/\/t.co\/pPmfGBYr3u\">pic.twitter.com\/pPmfGBYr3u<\/a><\/p>\n<p>&mdash; LIGA Bancomer MX (@LIGABancomerMX) <a href=\"https:\/\/twitter.com\/LIGABancomerMX\/status\/812462942977400833\">December 24, 2016<\/a><\/p><\/blockquote>\n<p><script async src=\"\/\/platform.twitter.com\/widgets.js\" charset=\"utf-8\"><\/script><\/p>\n<p><strong>S\u00edguenos en Twitter:<\/strong> <a href=\"https:\/\/twitter.com\/MXFutbolTotal\" target=\"_blank\">@MXFutbolTotal<\/a><\/p>\n","protected":false},"excerpt":{"rendered":"<p>Liga MX recuerda el presente navide\u00f1o que dar\u00e1 a la afici\u00f3n, en el medio tiempo.<\/p>\n","protected":false},"author":20,"featured_media":450780,"comment_status":"closed","ping_status":"closed","sticky":false,"template":"","format":"standard","meta":[],"categories":[2198,3845,4],"tags":[6927,64],"_links":{"self":[{"href":"http:\/\/desarrollo.grupomedios.com\/futbol\/wp-json\/wp\/v2\/posts\/450779"}],"collection":[{"href":"http:\/\/desarrollo.grupomedios.com\/futbol\/wp-json\/wp\/v2\/posts"}],"about":[{"href":"http:\/\/desarrollo.grupomedios.com\/futbol\/wp-json\/wp\/v2\/types\/post"}],"author":[{"embeddable":true,"href":"http:\/\/desarrollo.grupomedios.com\/futbol\/wp-json\/wp\/v2\/users\/20"}],"replies":[{"embeddable":true,"href":"http:\/\/desarrollo.grupomedios.com\/futbol\/wp-json\/wp\/v2\/comments?post=450779"}],"version-history":[{"count":0,"href":"http:\/\/desarrollo.grupomedios.com\/futbol\/wp-json\/wp\/v2\/posts\/450779\/revisions"}],"wp:featuredmedia":[{"embeddable":true,"href":"http:\/\/desarrollo.grupomedios.com\/futbol\/wp-json\/wp\/v2\/media\/450780"}],"wp:attachment":[{"href":"http:\/\/desarrollo.grupomedios.com\/futbol\/wp-json\/wp\/v2\/media?parent=450779"}],"wp:term":[{"taxonomy":"category","embeddable":true,"href":"http:\/\/desarrollo.grupomedios.com\/futbol\/wp-json\/wp\/v2\/categories?post=450779"},{"taxonomy":"post_tag","embeddable":true,"href":"http:\/\/desarrollo.grupomedios.com\/futbol\/wp-json\/wp\/v2\/tags?post=450779"}],"curies":[{"name":"wp","href":"https:\/\/api.w.org\/{rel}","templated":true}]}}