{"id":450807,"date":"2016-12-25T13:24:57","date_gmt":"2016-12-25T19:24:57","guid":{"rendered":"https:\/\/www.futboltotal.com.mx\/?p=450807"},"modified":"2016-12-25T13:24:57","modified_gmt":"2016-12-25T19:24:57","slug":"tigres-depende-gignac-pizarro","status":"publish","type":"post","link":"http:\/\/desarrollo.grupomedios.com\/futbol\/destacado-home\/tigres-depende-gignac-pizarro\/2016\/12","title":{"rendered":"&#8220;Tigres no depende de Gignac&#8221;: Pizarro"},"content":{"rendered":"<p>A unas cuantas horas de que se juegue la gran final del futbol mexicano, <strong>Guido Pizarro<\/strong>, ha declarado que espera que el <strong>Club Am\u00e9rica<\/strong> salga a tirarse atr\u00e1s como lo hizo en su campo, para as\u00ed generar mayor peligro en los azulcremas.<\/p>\n<p>El medio de los <em>felinos<\/em>, asegur\u00f3 que buscan tener mayor tiempo la pelota y ser pacientes para cuando Am\u00e9rica se descuide hacerle da\u00f1o.<\/p>\n<p style=\"text-align: center;\"><span style=\"color: #3366ff;\"><a style=\"color: #3366ff;\" href=\"https:\/\/www.futboltotal.com.mx\/2016\/12\/11-ideal-la-liga-mx-en-2016\/\" target=\"_blank\">LEER M\u00c1S: El 11 ideal de la Liga MX en 2016<\/a><\/span><\/p>\n<blockquote><p>&#8220;Manejaron mejor la pelota, fue inteligente de ellos meterse atr\u00e1s en su campo, seguramente que el partido de ma\u00f1ana va a ser muy similar, vamos a tener paciencia, van a buscar desesperarnos, hay que ser pacientes para lograr el resultado que todos queremos&#8221;, coment\u00f3 el jugador de <strong>Tigres.<\/strong><\/p><\/blockquote>\n<p>Se dio tiempo para opinar sobre el estado de <strong>Gignac<\/strong> y puntualiz\u00f3 que el franc\u00e9s no es todo el equipo y que los felinos no dependen de Andr\u00e9-Pierre.<\/p>\n<blockquote><p>&#8220;<strong>Andr\u00e9 <\/strong>es una pieza fundamental eso no cabe duda, pero este equipo es m\u00e1s que un hombre, ojal\u00e1 que se recupere y si juega trataremos de ayudarlo&#8221; declar\u00f3 <strong>Pizarro.<\/strong><\/p><\/blockquote>\n<p>Para finalizar aclar\u00f3 que el arbitraje de <strong>Paul Delgadillo<\/strong> fue factor en el empate del pasado jueves y espera que el juez central de hoy no se equivoque.<\/p>\n<blockquote><p>&#8220;Se equivoc\u00f3, es una l\u00e1stima que pasen esa clase de partidos, ojal\u00e1 que el \u00e1rbitro ma\u00f1ana no se equivoque, nosotros tambi\u00e9n tenemos que mejorar&#8221;, concluy\u00f3 el futbolista.<\/p><\/blockquote>\n<p><strong>Tigres y \u00c1guilas<\/strong> definir\u00e1n esta tarde al campe\u00f3n del futbol mexicano en el estadio universitario.<\/p>\n<p>S\u00edguenos en Twitter: <a href=\"https:\/\/twitter.com\/MXFutbolTotal\" target=\"_blank\">@MXFutbolTotal<\/a><\/p>\n","protected":false},"excerpt":{"rendered":"<p>El futbolista de tigres est\u00e1 confiado de poder ganar en casa.<\/p>\n","protected":false},"author":20,"featured_media":450808,"comment_status":"closed","ping_status":"closed","sticky":false,"template":"","format":"standard","meta":[],"categories":[5,2198,3845],"tags":[5959,5564,3991,5973],"_links":{"self":[{"href":"http:\/\/desarrollo.grupomedios.com\/futbol\/wp-json\/wp\/v2\/posts\/450807"}],"collection":[{"href":"http:\/\/desarrollo.grupomedios.com\/futbol\/wp-json\/wp\/v2\/posts"}],"about":[{"href":"http:\/\/desarrollo.grupomedios.com\/futbol\/wp-json\/wp\/v2\/types\/post"}],"author":[{"embeddable":true,"href":"http:\/\/desarrollo.grupomedios.com\/futbol\/wp-json\/wp\/v2\/users\/20"}],"replies":[{"embeddable":true,"href":"http:\/\/desarrollo.grupomedios.com\/futbol\/wp-json\/wp\/v2\/comments?post=450807"}],"version-history":[{"count":0,"href":"http:\/\/desarrollo.grupomedios.com\/futbol\/wp-json\/wp\/v2\/posts\/450807\/revisions"}],"wp:featuredmedia":[{"embeddable":true,"href":"http:\/\/desarrollo.grupomedios.com\/futbol\/wp-json\/wp\/v2\/media\/450808"}],"wp:attachment":[{"href":"http:\/\/desarrollo.grupomedios.com\/futbol\/wp-json\/wp\/v2\/media?parent=450807"}],"wp:term":[{"taxonomy":"category","embeddable":true,"href":"http:\/\/desarrollo.grupomedios.com\/futbol\/wp-json\/wp\/v2\/categories?post=450807"},{"taxonomy":"post_tag","embeddable":true,"href":"http:\/\/desarrollo.grupomedios.com\/futbol\/wp-json\/wp\/v2\/tags?post=450807"}],"curies":[{"name":"wp","href":"https:\/\/api.w.org\/{rel}","templated":true}]}}