{"id":450861,"date":"2016-12-25T21:00:44","date_gmt":"2016-12-26T03:00:44","guid":{"rendered":"https:\/\/www.futboltotal.com.mx\/?p=450861"},"modified":"2016-12-25T22:47:03","modified_gmt":"2016-12-26T04:47:03","slug":"polemicas-de-la-final-entre-tigres-y-america","status":"publish","type":"post","link":"http:\/\/desarrollo.grupomedios.com\/futbol\/destacado-home\/polemicas-de-la-final-entre-tigres-y-america\/2016\/12","title":{"rendered":"Mal arbitraje mancha Final entre Tigres y Am\u00e9rica"},"content":{"rendered":"<p>Un pol\u00e9mico arbitraje del central Jorge Isaac Rojas marc\u00f3 la final del <strong>Apertura 2016<\/strong> entre <strong>Tigres<\/strong> y <strong>Am\u00e9rica<\/strong>. Hubo de todo, desde faltas que no fueron sancionadas como se deb\u00eda hasta penales no marcados para ambos equipos. \u00bfAlgo m\u00e1s? S\u00ed. El nazareno no expuls\u00f3 a Michael Arroyo y s\u00ed a Paolo Goltz, sin que este hubiese participado en el conato de bronca que ocurri\u00f3 en los tiempos extras.<\/p>\n<p style=\"text-align: center;\"><span style=\"color: #3366ff;\">LEER M\u00c1S: Todas las noticias de futbol mexicano<\/span><\/p>\n<p>En los primeros minutos del partido, Am\u00e9rica protest\u00f3 una falta de Estrada sobre Renato Ibarra.<\/p>\n<blockquote class=\"twitter-tweet\" data-lang=\"es\">\n<p dir=\"ltr\" lang=\"es\">Finaliza primer tiempo, penal en el min 2 que Isaac Rojas no sanciona, patada en el pie de apoyo y carga en el pecho a Renato. <a href=\"https:\/\/t.co\/I2T39a9E4s\">pic.twitter.com\/I2T39a9E4s<\/a><\/p>\n<p>\u2014 Felipe Ramos Rizo (@ramosrizo) <a href=\"https:\/\/twitter.com\/ramosrizo\/status\/813195215464972288\">26 de diciembre de 2016<\/a><\/p><\/blockquote>\n<p><script async src=\"\/\/platform.twitter.com\/widgets.js\" charset=\"utf-8\"><\/script><\/p>\n<p>El \u00e1rbitro le perdon\u00f3 una tarjeta roja a Michael Arroyo en el segundo tiempo.<\/p>\n<blockquote class=\"twitter-tweet\" data-lang=\"es\">\n<p dir=\"ltr\" lang=\"es\">\u00bfEra roja para Michael Arroyo? <a href=\"https:\/\/t.co\/R2oXnlczDO\">pic.twitter.com\/R2oXnlczDO<\/a><\/p>\n<p>\u2014 Univision Deportes (@UnivisionSports) <a href=\"https:\/\/twitter.com\/UnivisionSports\/status\/813201819362934784\">26 de diciembre de 2016<\/a><\/p><\/blockquote>\n<p><script async src=\"\/\/platform.twitter.com\/widgets.js\" charset=\"utf-8\"><\/script><br \/>\nAm\u00e9rica tambi\u00e9n pidi\u00f3 otro penal sobre Ruben Sambueza.<\/p>\n<blockquote class=\"twitter-tweet\" data-lang=\"es\">\n<p dir=\"ltr\" lang=\"es\"><a href=\"https:\/\/t.co\/LS36xBqHBI\">https:\/\/t.co\/LS36xBqHBI<\/a> \u00bfera penal?<\/p>\n<p>\u2014 San Cadilla (@SanCadilla) <a href=\"https:\/\/twitter.com\/SanCadilla\/status\/813206279279824896\">26 de diciembre de 2016<\/a><\/p><\/blockquote>\n<p><script async src=\"\/\/platform.twitter.com\/widgets.js\" charset=\"utf-8\"><\/script><\/p>\n<p>Torres Nilo ya estaba amonestado y al \u00e1rbitro no le tembl\u00f3 el pulso para volverlo a amonestar y mandarlo a las regaderas.<\/p>\n<blockquote class=\"twitter-tweet\" data-lang=\"es\">\n<p dir=\"ltr\" lang=\"es\">Torres Nilo deja en inferioridad num\u00e9rica a Tigres. <a href=\"https:\/\/t.co\/IpTgtk80WC\">pic.twitter.com\/IpTgtk80WC<\/a><\/p>\n<p>\u2014 Univision Deportes (@UnivisionSports) <a href=\"https:\/\/twitter.com\/UnivisionSports\/status\/813209334310047744\">26 de diciembre de 2016<\/a><\/p><\/blockquote>\n<p><script async src=\"\/\/platform.twitter.com\/widgets.js\" charset=\"utf-8\"><\/script><br \/>\nDespu\u00e9s de un conato de bronca, el \u00e1rbitro expuls\u00f3 injustamente al defensa central Paolo Goltz, quien nunca participa en el altercado.<\/p>\n<p><iframe loading=\"lazy\" src=\"https:\/\/www.youtube.com\/embed\/YAELkqM6IZI?feature=oembed\" frameborder=\"0\" allowfullscreen><\/iframe><\/p>\n","protected":false},"excerpt":{"rendered":"<p>Decisiones err\u00f3neas del \u00e1rbitro Jorge Isaac Rojas pusieron rojo vivo la final.<\/p>\n","protected":false},"author":20,"featured_media":450925,"comment_status":"closed","ping_status":"closed","sticky":false,"template":"","format":"standard","meta":[],"categories":[5,2198,3845],"tags":[5959,6927,5973],"_links":{"self":[{"href":"http:\/\/desarrollo.grupomedios.com\/futbol\/wp-json\/wp\/v2\/posts\/450861"}],"collection":[{"href":"http:\/\/desarrollo.grupomedios.com\/futbol\/wp-json\/wp\/v2\/posts"}],"about":[{"href":"http:\/\/desarrollo.grupomedios.com\/futbol\/wp-json\/wp\/v2\/types\/post"}],"author":[{"embeddable":true,"href":"http:\/\/desarrollo.grupomedios.com\/futbol\/wp-json\/wp\/v2\/users\/20"}],"replies":[{"embeddable":true,"href":"http:\/\/desarrollo.grupomedios.com\/futbol\/wp-json\/wp\/v2\/comments?post=450861"}],"version-history":[{"count":0,"href":"http:\/\/desarrollo.grupomedios.com\/futbol\/wp-json\/wp\/v2\/posts\/450861\/revisions"}],"wp:featuredmedia":[{"embeddable":true,"href":"http:\/\/desarrollo.grupomedios.com\/futbol\/wp-json\/wp\/v2\/media\/450925"}],"wp:attachment":[{"href":"http:\/\/desarrollo.grupomedios.com\/futbol\/wp-json\/wp\/v2\/media?parent=450861"}],"wp:term":[{"taxonomy":"category","embeddable":true,"href":"http:\/\/desarrollo.grupomedios.com\/futbol\/wp-json\/wp\/v2\/categories?post=450861"},{"taxonomy":"post_tag","embeddable":true,"href":"http:\/\/desarrollo.grupomedios.com\/futbol\/wp-json\/wp\/v2\/tags?post=450861"}],"curies":[{"name":"wp","href":"https:\/\/api.w.org\/{rel}","templated":true}]}}