{"id":450946,"date":"2016-12-26T00:31:27","date_gmt":"2016-12-26T06:31:27","guid":{"rendered":"https:\/\/www.futboltotal.com.mx\/?p=450946"},"modified":"2016-12-26T00:33:07","modified_gmt":"2016-12-26T06:33:07","slug":"la-gran-anecdota-nahuel-guzman-en-la-final","status":"publish","type":"post","link":"http:\/\/desarrollo.grupomedios.com\/futbol\/futbol-mexicano\/la-gran-anecdota-nahuel-guzman-en-la-final\/2016\/12","title":{"rendered":"La gran an\u00e9cdota de Nahuel Guzm\u00e1n en la Final"},"content":{"rendered":"<p style=\"text-align: left;\">El portero argentino <strong>Nahuel Guzm\u00e1n <\/strong>se consagr\u00f3 como el h\u00e9roe de <strong>Tigres<\/strong>\u00a0en la Final del Apertura 2016 ante Am\u00e9rica, al ejecutar tres atajadas portentosas que encumbraron a los <em>Felinos<\/em> a ganar el quinto t\u00edtulo de su historia.<\/p>\n<p style=\"text-align: left;\">Cuando <strong>Am\u00e9rica<\/strong> celebraba el triunfo, Jes\u00fas Due\u00f1as empat\u00f3 a 1-1 en el \u00faltimo minuto el partido de vuelta de la final y puso en 2-2 la serie, lo que provoc\u00f3 la definici\u00f3n en penaltis en la que Guzm\u00e1n detuvo los disparos del brasile\u00f1o William Da Silva, el argentino Silvio Romero y el mexicano Javier G\u00fcemez,<\/p>\n<p style=\"text-align: center;\"><span style=\"color: #3366ff;\">LEER M\u00c1S: Tigres le roba la gloria al Am\u00e9rica<\/span><\/p>\n<blockquote>\n<p style=\"text-align: left;\">&#8220;Son penaltis y esta vez me toc\u00f3 adivinar, hemos coronado con sufrimiento&#8221;, dijo Guzm\u00e1n, quien dej\u00f3 en cero al Am\u00e9rica en la decisi\u00f3n desde los 11 pasos del t\u00edtulo del torneo Apertura 2016.<\/p>\n<\/blockquote>\n<p>En la que fue su graduaci\u00f3n esta noche, <strong>Nahuel Guzm\u00e1n<\/strong>\u00a0dio la nota tambi\u00e9n con una an\u00e9cdota que denota la confianza que mantuvo hasta el final en los suyos y que nunca perdi\u00f3 en si mismo: antes\u00a0de comenzar los disparos, el entrenador brasile\u00f1o Ricardo Ferretti le pregunt\u00f3 si quer\u00eda tirar el quinto y \u00e9l respondi\u00f3: &#8220;No vamos a llegar al quinto&#8221;. Y lo cumpli\u00f3.<\/p>\n<p>Por Tigres anotaron el franc\u00e9s Andr\u00e9 Pierre Gignac, el brasile\u00f1o Juninho y el argentino Guido Pizarro, mientras <strong>Nahuel<\/strong> coron\u00f3 a los suyos con un lance providencial al palo izquierdo para tapara el tiro de G\u00fcemez.<\/p>\n<p>El <em>Pat\u00f3n<\/em> hizo historia y gan\u00f3 su segundo t\u00edtulo con los Felinos tras el que logr\u00f3, en el Apertura 2015, cuando tambi\u00e9n ataj\u00f3 penales ante Pumas de la UNAM. Junto a los suyos, ha colocado a\u00a0Tigres como el octavo equipo con m\u00e1s t\u00edtulos en M\u00e9xico, con cinco cetros en los torneos 1977-1978, 1981-1982 y Apertura de los a\u00f1os 2011, 2015 y 2016.<\/p>\n","protected":false},"excerpt":{"rendered":"<p>El arquero revel\u00f3 tras el partido su di\u00e1logo con el entrenador Tuca Ferretti antes de los penales.<\/p>\n","protected":false},"author":20,"featured_media":450949,"comment_status":"closed","ping_status":"closed","sticky":false,"template":"","format":"standard","meta":[],"categories":[2198,3845,5950],"tags":[6129,5973],"_links":{"self":[{"href":"http:\/\/desarrollo.grupomedios.com\/futbol\/wp-json\/wp\/v2\/posts\/450946"}],"collection":[{"href":"http:\/\/desarrollo.grupomedios.com\/futbol\/wp-json\/wp\/v2\/posts"}],"about":[{"href":"http:\/\/desarrollo.grupomedios.com\/futbol\/wp-json\/wp\/v2\/types\/post"}],"author":[{"embeddable":true,"href":"http:\/\/desarrollo.grupomedios.com\/futbol\/wp-json\/wp\/v2\/users\/20"}],"replies":[{"embeddable":true,"href":"http:\/\/desarrollo.grupomedios.com\/futbol\/wp-json\/wp\/v2\/comments?post=450946"}],"version-history":[{"count":0,"href":"http:\/\/desarrollo.grupomedios.com\/futbol\/wp-json\/wp\/v2\/posts\/450946\/revisions"}],"wp:featuredmedia":[{"embeddable":true,"href":"http:\/\/desarrollo.grupomedios.com\/futbol\/wp-json\/wp\/v2\/media\/450949"}],"wp:attachment":[{"href":"http:\/\/desarrollo.grupomedios.com\/futbol\/wp-json\/wp\/v2\/media?parent=450946"}],"wp:term":[{"taxonomy":"category","embeddable":true,"href":"http:\/\/desarrollo.grupomedios.com\/futbol\/wp-json\/wp\/v2\/categories?post=450946"},{"taxonomy":"post_tag","embeddable":true,"href":"http:\/\/desarrollo.grupomedios.com\/futbol\/wp-json\/wp\/v2\/tags?post=450946"}],"curies":[{"name":"wp","href":"https:\/\/api.w.org\/{rel}","templated":true}]}}