{"id":450952,"date":"2016-12-26T09:10:45","date_gmt":"2016-12-26T15:10:45","guid":{"rendered":"https:\/\/www.futboltotal.com.mx\/?p=450952"},"modified":"2016-12-26T09:10:45","modified_gmt":"2016-12-26T15:10:45","slug":"firmino-del-liverpool-acusado-conducir-ebrio","status":"publish","type":"post","link":"http:\/\/desarrollo.grupomedios.com\/futbol\/futbol-internacional\/firmino-del-liverpool-acusado-conducir-ebrio\/2016\/12","title":{"rendered":"Firmino del Liverpool, acusado de conducir ebrio"},"content":{"rendered":"<p>El delantero brasile\u00f1o del Liverpool Roberto Firmino ha sido acusado de conducir bajo los efectos del alcohol, tras haber sido detenido en un control a primera hora del 24 de diciembre, inform\u00f3 hoy la polic\u00eda brit\u00e1nica.<\/p>\n<p>El futbolista, de 25 a\u00f1os, deber\u00e1 comparecer ante el juez el 31 de enero, al haber dado positivo en las pruebas que le realizaron los agentes en el centro de la ciudad de Liverpool.<\/p>\n<p style=\"text-align: center;\"><a href=\"https:\/\/www.futboltotal.com.mx\/2016\/12\/chapecoense-cerca-amarrar-a-quinto-fichaje\/\"><span style=\"color: #3366ff;\">LEER M\u00c1S: Chapecoense cerca de amarrar a su quinto fichaje<\/span><\/a><\/p>\n<p>La cita con la justicia coincide con la fecha en la que los <em>Reds<\/em>, segundos en la clasificaci\u00f3n de la liga inglesa, se enfrentar\u00e1n en Anfield al Chelsea de Jos\u00e9 Mourinho, actualmente primero en la tabla general<\/p>\n<p>El internacional brasile\u00f1o, que ha sumado seis goles y seis asistencias en 18 partidos, entre Premier League y EFL Cup, ha jugado un papel clave en el buen comienzo de la temporada para el Liverpool dirigido por el alem\u00e1n J\u00fcrgen Klopp.<\/p>\n<p style=\"text-align: center;\"><a href=\"https:\/\/www.futboltotal.com.mx\/2016\/12\/quienes-fueron-las-cenicientas-futbol-del-2016\/\"><span style=\"color: #3366ff;\">LEER M\u00c1S: \u00bfQui\u00e9nes fueron las \u2018Cenicientas\u2019 del 2016?<\/span><\/a><\/p>\n<p>Firmino lleg\u00f3 a Inglaterra procedente del alem\u00e1n Hoffenheim, con un contrato de cinco a\u00f1os, por 29 millones de libras (34 millones de euros).<\/p>\n<p>Un portavoz del club ingl\u00e9s rehus\u00f3 hacer comentarios sobre la situaci\u00f3n del jugador hasta que haya concluido el proceso legal.<\/p>\n<p><b>S\u00edguenos en <span id=\"m_-5555635342207698671goog_2054972132\"><\/span>Twitter <a href=\"https:\/\/twitter.com\/MXFutbolTotal\" target=\"_blank\" data-saferedirecturl=\"https:\/\/www.google.com\/url?hl=es&amp;q=https:\/\/twitter.com\/MXFutbolTotal&amp;source=gmail&amp;ust=1482847658460000&amp;usg=AFQjCNFEnZgXUyYJn6buEpgs7-88r3K0gA\">@MXFutbolTotal<\/a><\/b><\/p>\n","protected":false},"excerpt":{"rendered":"<p>Debe comparer ante las autoridades el mismo d\u00eda que Liverpool jugar\u00e1 ante el Chelsea.<\/p>\n","protected":false},"author":144,"featured_media":450953,"comment_status":"closed","ping_status":"closed","sticky":false,"template":"","format":"standard","meta":[],"categories":[3839,3846],"tags":[5981,7879,5989,5539],"_links":{"self":[{"href":"http:\/\/desarrollo.grupomedios.com\/futbol\/wp-json\/wp\/v2\/posts\/450952"}],"collection":[{"href":"http:\/\/desarrollo.grupomedios.com\/futbol\/wp-json\/wp\/v2\/posts"}],"about":[{"href":"http:\/\/desarrollo.grupomedios.com\/futbol\/wp-json\/wp\/v2\/types\/post"}],"author":[{"embeddable":true,"href":"http:\/\/desarrollo.grupomedios.com\/futbol\/wp-json\/wp\/v2\/users\/144"}],"replies":[{"embeddable":true,"href":"http:\/\/desarrollo.grupomedios.com\/futbol\/wp-json\/wp\/v2\/comments?post=450952"}],"version-history":[{"count":0,"href":"http:\/\/desarrollo.grupomedios.com\/futbol\/wp-json\/wp\/v2\/posts\/450952\/revisions"}],"wp:featuredmedia":[{"embeddable":true,"href":"http:\/\/desarrollo.grupomedios.com\/futbol\/wp-json\/wp\/v2\/media\/450953"}],"wp:attachment":[{"href":"http:\/\/desarrollo.grupomedios.com\/futbol\/wp-json\/wp\/v2\/media?parent=450952"}],"wp:term":[{"taxonomy":"category","embeddable":true,"href":"http:\/\/desarrollo.grupomedios.com\/futbol\/wp-json\/wp\/v2\/categories?post=450952"},{"taxonomy":"post_tag","embeddable":true,"href":"http:\/\/desarrollo.grupomedios.com\/futbol\/wp-json\/wp\/v2\/tags?post=450952"}],"curies":[{"name":"wp","href":"https:\/\/api.w.org\/{rel}","templated":true}]}}