{"id":450967,"date":"2016-12-26T10:13:48","date_gmt":"2016-12-26T16:13:48","guid":{"rendered":"https:\/\/www.futboltotal.com.mx\/?p=450967"},"modified":"2016-12-26T10:23:29","modified_gmt":"2016-12-26T16:23:29","slug":"gignac-y-nahuel-heroes-de-tigres-en-francia","status":"publish","type":"post","link":"http:\/\/desarrollo.grupomedios.com\/futbol\/futbol-mexicano\/gignac-y-nahuel-heroes-de-tigres-en-francia\/2016\/12","title":{"rendered":"Gignac y Nahuel, h\u00e9roes de Tigres en Francia"},"content":{"rendered":"<p>La prensa francesa destac\u00f3 la victoria de<strong> Tigres<\/strong> de Monterrey en la final de la Liga M\u00e9xico, que supone el segundo campeonato del delantero franc\u00e9s del equipo regiomontano <strong>Andr\u00e9-Pierre Gignac<\/strong> en M\u00e9xico.<\/p>\n<blockquote><p>\u201cGignac, rey de M\u00e9xico\u201d, titul\u00f3 este lunes en su web el prestigiado diario deportivo franc\u00e9s \u201cL&#8217;equipe\u201d al destacar el segundo triunfo del jugador galo en el campeonato mexicano luego del torneo de apertura 2015.<\/p><\/blockquote>\n<p style=\"text-align: center;\"><a href=\"https:\/\/www.futboltotal.com.mx\/2016\/12\/tigres-consigue-hazana-campeon-del-apertura-2016\/\"><span style=\"color: #3366ff;\">LEER M\u00c1S: Tigres roba la gloria al Am\u00e9rica<\/span><\/a><\/p>\n<blockquote class=\"twitter-tweet\" data-lang=\"es\">\n<p dir=\"ltr\" lang=\"fr\">Les Tigres de Gignac champions du Mexique <a href=\"https:\/\/t.co\/VWGQmIP8IG\">https:\/\/t.co\/VWGQmIP8IG<\/a> <a href=\"https:\/\/t.co\/NVBSFiQZz2\">pic.twitter.com\/NVBSFiQZz2<\/a><\/p>\n<p>\u2014 L&#8217;\u00c9QUIPE (@lequipe) <a href=\"https:\/\/twitter.com\/lequipe\/status\/813271692248104960\">26 de diciembre de 2016<\/a><\/p><\/blockquote>\n<p><script async src=\"\/\/platform.twitter.com\/widgets.js\" charset=\"utf-8\"><\/script><\/p>\n<blockquote><p>\u201cLa ciudad de Monterrey hab\u00eda pasado los tres \u00faltimos d\u00edas esperando la recuperaci\u00f3n de Andr\u00e9-Pierre Gignac (&#8230;) el atacante franc\u00e9s fue titular. Incluso marc\u00f3 su penal al t\u00e9rmino del partido de vuelta de una final del campeonato de apertura mexicano que estuvo peleada\u201d, a\u00f1adi\u00f3 el rotativo galo.<\/p>\n<p>\u201cTres d\u00edas despu\u00e9s de haber sido evacuado en ambulancia durante el juego de ida del campeonato de apertura Andr\u00e9-Pierre Gignac llev\u00f3 de nuevo a los Tigres sobre el techo de M\u00e9xico durante la final ganada al Club Am\u00e9rica en los penales\u201d, se\u00f1al\u00f3 por su parte la principal televisora de noticias francesa, BFMTV.<\/p>\n<p>\u201c\u00a1Qu\u00e9 semana para Andr\u00e9-Pierre Gignac!\u201d, a\u00f1adi\u00f3 la televisora al destacar que la victoria de la v\u00edspera supuso tambi\u00e9n el primer campeonato para el otro futbolista franc\u00e9s de Tigres, Andy Delort, quien lleg\u00f3 en septiembre al equipo.<\/p><\/blockquote>\n<p>El diario <em>Le Parisien<\/em> public\u00f3 que el \u201ch\u00e9roe\u201d del partido fue el portero de Tigres, que detuvo los tres penales del Am\u00e9rica, y el hecho de que Gignac posara con el trofeo de campe\u00f3n haciendo el gesto del n\u00famero cinco con su mano, el n\u00famero de campeonatos de Tigres en la liga mexicana.<\/p>\n<p>Otros de los principales rotativos del pa\u00eds europeo como<em> Le Figaro<\/em> o la edici\u00f3n local del gratuito \u201c20 minutos\u201d as\u00ed como las principales webs informativas destacaron tambi\u00e9n la victoria del internacional galo, al que mostraron portando la bandera de Francia en el campo de Tigres al t\u00e9rmino del juego.<\/p>\n","protected":false},"excerpt":{"rendered":"<p>La prensa francesa destac\u00f3 al crack franc\u00e9s y las tres atajadas de arquero Nahuel Guzm\u00e1n; Delort no figur\u00f3. <\/p>\n","protected":false},"author":20,"featured_media":450971,"comment_status":"closed","ping_status":"closed","sticky":false,"template":"","format":"standard","meta":[],"categories":[2198,3845,5950],"tags":[5959,6927,5973],"_links":{"self":[{"href":"http:\/\/desarrollo.grupomedios.com\/futbol\/wp-json\/wp\/v2\/posts\/450967"}],"collection":[{"href":"http:\/\/desarrollo.grupomedios.com\/futbol\/wp-json\/wp\/v2\/posts"}],"about":[{"href":"http:\/\/desarrollo.grupomedios.com\/futbol\/wp-json\/wp\/v2\/types\/post"}],"author":[{"embeddable":true,"href":"http:\/\/desarrollo.grupomedios.com\/futbol\/wp-json\/wp\/v2\/users\/20"}],"replies":[{"embeddable":true,"href":"http:\/\/desarrollo.grupomedios.com\/futbol\/wp-json\/wp\/v2\/comments?post=450967"}],"version-history":[{"count":0,"href":"http:\/\/desarrollo.grupomedios.com\/futbol\/wp-json\/wp\/v2\/posts\/450967\/revisions"}],"wp:featuredmedia":[{"embeddable":true,"href":"http:\/\/desarrollo.grupomedios.com\/futbol\/wp-json\/wp\/v2\/media\/450971"}],"wp:attachment":[{"href":"http:\/\/desarrollo.grupomedios.com\/futbol\/wp-json\/wp\/v2\/media?parent=450967"}],"wp:term":[{"taxonomy":"category","embeddable":true,"href":"http:\/\/desarrollo.grupomedios.com\/futbol\/wp-json\/wp\/v2\/categories?post=450967"},{"taxonomy":"post_tag","embeddable":true,"href":"http:\/\/desarrollo.grupomedios.com\/futbol\/wp-json\/wp\/v2\/tags?post=450967"}],"curies":[{"name":"wp","href":"https:\/\/api.w.org\/{rel}","templated":true}]}}