{"id":450978,"date":"2016-12-26T10:59:40","date_gmt":"2016-12-26T16:59:40","guid":{"rendered":"https:\/\/www.futboltotal.com.mx\/?p=450978"},"modified":"2016-12-26T10:59:40","modified_gmt":"2016-12-26T16:59:40","slug":"klopp-se-desilusiona-draxler-queria-dinero-asegura","status":"publish","type":"post","link":"http:\/\/desarrollo.grupomedios.com\/futbol\/futbol-internacional\/klopp-se-desilusiona-draxler-queria-dinero-asegura\/2016\/12","title":{"rendered":"Klopp se desilusiona de Draxler: &#8216;Solo quer\u00eda dinero&#8217;, asegura"},"content":{"rendered":"<p>El alem\u00e1n Jurgen Klopp, director t\u00e9cnico del club ingl\u00e9s Liverpool, fue uno de los que busc\u00f3 fichar a su compatriota <strong>Julian Draxler<\/strong>, de 23 a\u00f1os de edad, pero este finalmente fich\u00f3 por el Paris Saint-Germain de la Ligue 1 de Francia.<\/p>\n<blockquote class=\"twitter-tweet\" data-width=\"500\">\n<p lang=\"en\" dir=\"ltr\">Farewell &#8211; <a href=\"https:\/\/twitter.com\/Julian_Draxler\">@Julian_Draxler<\/a> heading for France with <a href=\"https:\/\/twitter.com\/PSG_English\">@PSG_English<\/a> \u27a1\ufe0f <a href=\"https:\/\/t.co\/IGErVyZLdH\">https:\/\/t.co\/IGErVyZLdH<\/a> <a href=\"https:\/\/t.co\/jJ2l6WkxQF\">pic.twitter.com\/jJ2l6WkxQF<\/a><\/p>\n<p>&mdash; VfL Wolfsburg EN (@VfLWolfsburg_EN) <a href=\"https:\/\/twitter.com\/VfLWolfsburg_EN\/status\/812614449706205184\">December 24, 2016<\/a><\/p><\/blockquote>\n<p><script async src=\"\/\/platform.twitter.com\/widgets.js\" charset=\"utf-8\"><\/script><\/p>\n<p style=\"text-align: center;\"><a href=\"https:\/\/www.futboltotal.com.mx\/2016\/12\/juego-feliz-balon-oro-neymar\/\"><span style=\"color: #3366ff;\">LEER M\u00c1S: Juego para ser feliz, no por el Bal\u00f3n de Oro: Neymar<\/span><\/a><\/p>\n<p>El mediocentro ofensivo procedente del Wolfsburgo de la Bundelisga de Alemania fich\u00f3 por el club parisino a raz\u00f3n de 42 millones de euros, cantidad que asciende hasta 47 millones por bonos que perciba el jugador.<\/p>\n<p>Este fichaje no gust\u00f3 al t\u00e9cnico Klopp, quien reaccion\u00f3: &#8220;Ten\u00edamos que convencerle a trav\u00e9s del dinero, y lo que realmente necesitaba era tener car\u00e1cter. No queremos a un jugador como \u00e9l. Los jugadores saben que aqu\u00ed pueden ganar mucho dinero, pero no vamos a cometer una locura. Queremos convencer a los jugadores por la historia del nuestro club&#8221;.<\/p>\n<p style=\"text-align: center;\"><a href=\"https:\/\/www.futboltotal.com.mx\/2016\/12\/firmino-del-liverpool-acusado-conducir-ebrio\/\"><span style=\"color: #3366ff;\">LEER M\u00c1S: Firmino del Liverpool, acusado de conducir ebrio<\/span><\/a><\/p>\n<p><strong>Julian Draxler<\/strong> ha sido el primer gran fichaje efectuado en el arranque del mercado invernal, ya que el pasado s\u00e1bado 24 de diciembre el Wolfsburgo confirm\u00f3 que hab\u00eda llegado a un acuerdo con el PSG para que el centrocamista alem\u00e1n juegue para el equipo residente en el Parque de los Pr\u00edncipes.<\/p>\n<p><b>S\u00edguenos en <span id=\"m_-5555635342207698671goog_2054972132\"><\/span>Twitter <a href=\"https:\/\/twitter.com\/MXFutbolTotal\" target=\"_blank\" data-saferedirecturl=\"https:\/\/www.google.com\/url?hl=es&amp;q=https:\/\/twitter.com\/MXFutbolTotal&amp;source=gmail&amp;ust=1482847658460000&amp;usg=AFQjCNFEnZgXUyYJn6buEpgs7-88r3K0gA\">@MXFutbolTotal<\/a><\/b><\/p>\n","protected":false},"excerpt":{"rendered":"<p>El mediocentro alem\u00e1n tambi\u00e9n era pretendido por el Arsenal.<\/p>\n","protected":false},"author":20,"featured_media":450985,"comment_status":"closed","ping_status":"closed","sticky":false,"template":"","format":"standard","meta":[],"categories":[3839,6822,7521,3846],"tags":[6044,3513,2863,5989,1376,3521],"_links":{"self":[{"href":"http:\/\/desarrollo.grupomedios.com\/futbol\/wp-json\/wp\/v2\/posts\/450978"}],"collection":[{"href":"http:\/\/desarrollo.grupomedios.com\/futbol\/wp-json\/wp\/v2\/posts"}],"about":[{"href":"http:\/\/desarrollo.grupomedios.com\/futbol\/wp-json\/wp\/v2\/types\/post"}],"author":[{"embeddable":true,"href":"http:\/\/desarrollo.grupomedios.com\/futbol\/wp-json\/wp\/v2\/users\/20"}],"replies":[{"embeddable":true,"href":"http:\/\/desarrollo.grupomedios.com\/futbol\/wp-json\/wp\/v2\/comments?post=450978"}],"version-history":[{"count":0,"href":"http:\/\/desarrollo.grupomedios.com\/futbol\/wp-json\/wp\/v2\/posts\/450978\/revisions"}],"wp:featuredmedia":[{"embeddable":true,"href":"http:\/\/desarrollo.grupomedios.com\/futbol\/wp-json\/wp\/v2\/media\/450985"}],"wp:attachment":[{"href":"http:\/\/desarrollo.grupomedios.com\/futbol\/wp-json\/wp\/v2\/media?parent=450978"}],"wp:term":[{"taxonomy":"category","embeddable":true,"href":"http:\/\/desarrollo.grupomedios.com\/futbol\/wp-json\/wp\/v2\/categories?post=450978"},{"taxonomy":"post_tag","embeddable":true,"href":"http:\/\/desarrollo.grupomedios.com\/futbol\/wp-json\/wp\/v2\/tags?post=450978"}],"curies":[{"name":"wp","href":"https:\/\/api.w.org\/{rel}","templated":true}]}}