{"id":451046,"date":"2016-12-26T18:12:24","date_gmt":"2016-12-27T00:12:24","guid":{"rendered":"https:\/\/www.futboltotal.com.mx\/?p=451046"},"modified":"2016-12-26T18:12:24","modified_gmt":"2016-12-27T00:12:24","slug":"representar-al-america-lindo-agustin-marchesin","status":"publish","type":"post","link":"http:\/\/desarrollo.grupomedios.com\/futbol\/uncategorized\/representar-al-america-lindo-agustin-marchesin\/2016\/12","title":{"rendered":"&#8220;Representar al Am\u00e9rica es algo muy lindo&#8221;: Agust\u00edn Marches\u00edn"},"content":{"rendered":"<p>El portero argentino ya se encuentra en la Ciudad de M\u00e9xico para reportar con el <strong>Club Am\u00e9rica,<\/strong> equipo que se ha hecho de sus servicios esta temporada y que buscar\u00e1 volver a ser protagonista en el Clausura 2017.<\/p>\n<p><strong>Marches\u00edn<\/strong> lleg\u00f3 de sus vacaciones por Buenos Aires, en donde pas\u00f3 las fiestas decembrinas en compa\u00f1\u00eda de su familia. El guardameta reportara con el cuadro azulcrema en las pr\u00f3ximas horas.<\/p>\n<p style=\"text-align: center;\"><span style=\"color: #3366ff;\"><a style=\"color: #3366ff;\" href=\"https:\/\/www.futboltotal.com.mx\/2016\/12\/alan-pulido-felicita-a-tigres\/\" target=\"_blank\">LEER M\u00c1S: Alan Pulido felicita a Tigres por ser campeones<\/a><\/span><\/p>\n<blockquote><p>&#8220;Con muchas ganas, con mucho entusiasmo, de este nuevo proyecto como bien dec\u00eds, sabiendo lo que representa <strong>Am\u00e9rica<\/strong> en M\u00e9xico&#8221; coment\u00f3 el arquero argentino en una entrevista para TDN.<\/p><\/blockquote>\n<p>Tambi\u00e9n se dio tiempo de remarcar la importancia del club al que llega y de hablar un poco de la final que perdi\u00f3 su actual equipo en Monterrey ante <strong>Tigres.<\/strong><\/p>\n<blockquote><p>&#8220;Representar a semejante instituci\u00f3n para cualquier jugador es algo muy lindo, vengo con muchas ganas, mucho entusiasmo de arrancar, de hacerlo de la mejor manera para ganarme un lugar; debe ser un golpe muy duro (perder la final), para cualquier jugador no debe ser f\u00e1cil, pero hay que dar vuelta a la p\u00e1gina&#8221; declar\u00f3 <strong>Marches\u00edn<\/strong> a su arribo a la Ciudad de M\u00e9xico.<\/p><\/blockquote>\n<p>Agust\u00edn tiene 28 a\u00f1os y llega a su tercer equipo como profesional, en donde busca afianzarse de la titularidad que posiblemente <strong>Mois\u00e9s Mu\u00f1oz<\/strong> le deje libre.<\/p>\n<p>S\u00edguenos en Twitter: <a href=\"https:\/\/twitter.com\/MXFutbolTotal\" target=\"_blank\">@MXFutbolTotal<\/a><\/p>\n","protected":false},"excerpt":{"rendered":"<p>El guardameta se dice listo para ganarse un puesto en Am\u00e9rica. <\/p>\n","protected":false},"author":20,"featured_media":451049,"comment_status":"closed","ping_status":"closed","sticky":false,"template":"","format":"standard","meta":[],"categories":[1],"tags":[6118,5959],"_links":{"self":[{"href":"http:\/\/desarrollo.grupomedios.com\/futbol\/wp-json\/wp\/v2\/posts\/451046"}],"collection":[{"href":"http:\/\/desarrollo.grupomedios.com\/futbol\/wp-json\/wp\/v2\/posts"}],"about":[{"href":"http:\/\/desarrollo.grupomedios.com\/futbol\/wp-json\/wp\/v2\/types\/post"}],"author":[{"embeddable":true,"href":"http:\/\/desarrollo.grupomedios.com\/futbol\/wp-json\/wp\/v2\/users\/20"}],"replies":[{"embeddable":true,"href":"http:\/\/desarrollo.grupomedios.com\/futbol\/wp-json\/wp\/v2\/comments?post=451046"}],"version-history":[{"count":0,"href":"http:\/\/desarrollo.grupomedios.com\/futbol\/wp-json\/wp\/v2\/posts\/451046\/revisions"}],"wp:featuredmedia":[{"embeddable":true,"href":"http:\/\/desarrollo.grupomedios.com\/futbol\/wp-json\/wp\/v2\/media\/451049"}],"wp:attachment":[{"href":"http:\/\/desarrollo.grupomedios.com\/futbol\/wp-json\/wp\/v2\/media?parent=451046"}],"wp:term":[{"taxonomy":"category","embeddable":true,"href":"http:\/\/desarrollo.grupomedios.com\/futbol\/wp-json\/wp\/v2\/categories?post=451046"},{"taxonomy":"post_tag","embeddable":true,"href":"http:\/\/desarrollo.grupomedios.com\/futbol\/wp-json\/wp\/v2\/tags?post=451046"}],"curies":[{"name":"wp","href":"https:\/\/api.w.org\/{rel}","templated":true}]}}