{"id":451051,"date":"2016-12-26T18:29:55","date_gmt":"2016-12-27T00:29:55","guid":{"rendered":"https:\/\/www.futboltotal.com.mx\/?p=451051"},"modified":"2016-12-26T18:29:55","modified_gmt":"2016-12-27T00:29:55","slug":"moises-munoz-cerca-felino","status":"publish","type":"post","link":"http:\/\/desarrollo.grupomedios.com\/futbol\/destacado-home\/moises-munoz-cerca-felino\/2016\/12","title":{"rendered":"Mois\u00e9s Mu\u00f1oz cerca de ser un felino"},"content":{"rendered":"<p>El h\u00e9roe del <strong>Am\u00e9rica<\/strong> en los \u00faltimos a\u00f1os est\u00e1 apunto de decir adi\u00f3s al conjunto azulcrema, equipo con el que ha conseguido sus mejores momentos como profesional y los t\u00edtulos que lo hicieron \u00eddolo del americanismo.<\/p>\n<p><em>Moi<\/em>, ha declarado en diversas ocasiones que el se quiere quedar en <strong>Am\u00e9rica,<\/strong> siempre y cuando le aseguren la titularidad, algo que parece casi imposible tras la llegada de<strong> Agust\u00edn Marches\u00edn<\/strong> al Nido.<\/p>\n<p style=\"text-align: center;\"><span style=\"color: #3366ff;\"><a style=\"color: #3366ff;\" href=\"https:\/\/www.futboltotal.com.mx\/2016\/12\/pietrasanta-anuncia-salida-televisa\/\" target=\"_blank\">LEER M\u00c1S: Pietrasanta anuncia su salida de Televisa<\/a><\/span><\/p>\n<p style=\"text-align: left;\">A trav\u00e9s de <em>ESPN Radio Formula<\/em>, se inform\u00f3 que <strong>Mois\u00e9s<\/strong> es 100 % de <strong>Jaguares de Chiapas<\/strong> y que ser\u00e1 el d\u00eda de ma\u00f1ana cuando anuncie su salida del conjunto de Coapa.<\/p>\n<p style=\"text-align: left;\"><strong>Moi,<\/strong> tomar\u00e1 unas breves vacaciones por Houston Texas y el pr\u00f3ximo 3 de enero ser\u00e1 presentado con el cuadro de la selva. Al parecer Mu\u00f1oz ya tuvo platicas con la directiva del Am\u00e9rica y tras no asegurar su titularidad el futbolista decidi\u00f3 irse a<strong> Chiapas.\u00a0<\/strong><\/p>\n<p style=\"text-align: left;\">Con esto se confirma que Am\u00e9rica deja ir a los dos porteros que hab\u00edan protegido la meta del club por 4 a\u00f1os y le dar\u00e1n paso a una nueva era en manos del argentino Marches\u00edn.<\/p>\n<p style=\"text-align: left;\">S\u00edguenos en Twitter: <a href=\"https:\/\/twitter.com\/MXFutbolTotal\" target=\"_blank\">@MXFutbolTotal<\/a><\/p>\n","protected":false},"excerpt":{"rendered":"<p>Mois\u00e9s har\u00eda un anuncio oficial este martes. <\/p>\n","protected":false},"author":20,"featured_media":451052,"comment_status":"closed","ping_status":"closed","sticky":false,"template":"","format":"standard","meta":[],"categories":[5,5950],"tags":[5959,5964,635],"_links":{"self":[{"href":"http:\/\/desarrollo.grupomedios.com\/futbol\/wp-json\/wp\/v2\/posts\/451051"}],"collection":[{"href":"http:\/\/desarrollo.grupomedios.com\/futbol\/wp-json\/wp\/v2\/posts"}],"about":[{"href":"http:\/\/desarrollo.grupomedios.com\/futbol\/wp-json\/wp\/v2\/types\/post"}],"author":[{"embeddable":true,"href":"http:\/\/desarrollo.grupomedios.com\/futbol\/wp-json\/wp\/v2\/users\/20"}],"replies":[{"embeddable":true,"href":"http:\/\/desarrollo.grupomedios.com\/futbol\/wp-json\/wp\/v2\/comments?post=451051"}],"version-history":[{"count":0,"href":"http:\/\/desarrollo.grupomedios.com\/futbol\/wp-json\/wp\/v2\/posts\/451051\/revisions"}],"wp:featuredmedia":[{"embeddable":true,"href":"http:\/\/desarrollo.grupomedios.com\/futbol\/wp-json\/wp\/v2\/media\/451052"}],"wp:attachment":[{"href":"http:\/\/desarrollo.grupomedios.com\/futbol\/wp-json\/wp\/v2\/media?parent=451051"}],"wp:term":[{"taxonomy":"category","embeddable":true,"href":"http:\/\/desarrollo.grupomedios.com\/futbol\/wp-json\/wp\/v2\/categories?post=451051"},{"taxonomy":"post_tag","embeddable":true,"href":"http:\/\/desarrollo.grupomedios.com\/futbol\/wp-json\/wp\/v2\/tags?post=451051"}],"curies":[{"name":"wp","href":"https:\/\/api.w.org\/{rel}","templated":true}]}}