{"id":451054,"date":"2016-12-27T09:30:45","date_gmt":"2016-12-27T15:30:45","guid":{"rendered":"https:\/\/www.futboltotal.com.mx\/?p=451054"},"modified":"2016-12-27T11:23:11","modified_gmt":"2016-12-27T17:23:11","slug":"america-dos-nuevos-refuerzos-clausura-2017","status":"publish","type":"post","link":"http:\/\/desarrollo.grupomedios.com\/futbol\/destacado-home\/america-dos-nuevos-refuerzos-clausura-2017\/2016\/12","title":{"rendered":"Am\u00e9rica confirma refuerzos para el Clausura 2017"},"content":{"rendered":"<p>A un d\u00eda de haber terminado el torneo Apertura 2017, Am\u00e9rica ya se prepara para la siguiente temporada y comienzan a incorporar nuevos refuerzos al equipo. Las \u00c1guilas deciden reforzar el mediocampo y la porter\u00eda.<\/p>\n<p>Ricardo Antonio La Volpe anunci\u00f3 la llegada de Cristian Paredes y \u00d3scar Jim\u00e9nez como los nuevos refuerzos del Am\u00e9rica para la pr\u00f3xima campa\u00f1a.\u00a0La Volpe ya tuvo la oportunidad con Jim\u00e9nez en los Jaguares de Chiapas y ahora decide llevarlo al Nido.<\/p>\n<p style=\"text-align: center;\"><span style=\"color: #3366ff;\"><a style=\"color: #3366ff;\" href=\"https:\/\/www.futboltotal.com.mx\/2016\/12\/moises-munoz-cerca-felino\/\" target=\"_blank\">LEER M\u00c1S: Mois\u00e9s Mu\u00f1oz cerca de ser un felino<\/a><\/span><\/p>\n<p style=\"text-align: left;\">Cristian Paredes llega procedente del Sol de Am\u00e9rica y tiene 18 a\u00f1os, el paraguayo busca reforzar el mediocampo del Am\u00e9rica tras la salida de Osvaldo Mart\u00ednez a Santos Laguna. Cristian ha sido seleccionado sub 17 y sub 20 de la selecci\u00f3n guaran\u00ed.<\/p>\n<blockquote class=\"twitter-tweet\" data-width=\"500\">\n<p lang=\"es\" dir=\"ltr\">\u00a1Bienvenido Cristhian Paredes! El mediocampista paraguayo es nuestro 3er refuerzo para el <a href=\"https:\/\/twitter.com\/hashtag\/CL2017?src=hash\">#CL2017<\/a>\u27a1\ufe0f <a href=\"https:\/\/t.co\/uVVULK3z2R\">https:\/\/t.co\/uVVULK3z2R<\/a><a href=\"https:\/\/twitter.com\/hashtag\/ParedesEs%C3%81guila?src=hash\">#ParedesEs\u00c1guila<\/a> <a href=\"https:\/\/t.co\/2opc5PIUd6\">pic.twitter.com\/2opc5PIUd6<\/a><\/p>\n<p>&mdash; Club Am\u00e9rica (@ClubAmerica) <a href=\"https:\/\/twitter.com\/ClubAmerica\/status\/813770261518544896\">December 27, 2016<\/a><\/p><\/blockquote>\n<p><script async src=\"\/\/platform.twitter.com\/widgets.js\" charset=\"utf-8\"><\/script><\/p>\n<p><iframe loading=\"lazy\" src=\"https:\/\/www.youtube.com\/embed\/JWcuedfD4-E?feature=oembed\" frameborder=\"0\" allowfullscreen><\/iframe><\/p>\n<p style=\"text-align: left;\">Por su parte \u00d3scar Jim\u00e9nez llega para se el portero suplente de Am\u00e9rica luego de que Hugo Gonz\u00e1lez y Mois\u00e9s Mu\u00f1oz anunciaran su salida del club. Oscar tiene 28 a\u00f1os y llega procedente de Chiapas, en donde ya tuvo la oportunidad de ser dirigido por La Volpe. Luego de la llegada de Jim\u00e9nez se hace m\u00e1s probable el arribo de Mois\u00e9s Mu\u00f1oz a Chiapas.<\/p>\n<p>https:\/\/twitter.com\/ClubAmerica\/status\/813761112965545984<\/p>\n<p><iframe loading=\"lazy\" src=\"https:\/\/www.youtube.com\/embed\/2eZ4bi9jLoA?feature=oembed\" frameborder=\"0\" allowfullscreen><\/iframe><\/p>\n<p style=\"text-align: left;\">S\u00edguenos en Twitter: <a href=\"https:\/\/twitter.com\/MXFutbolTotal\" target=\"_blank\">@MXFutbolTotal<\/a><\/p>\n","protected":false},"excerpt":{"rendered":"<p>Cristian Paredes y \u00d3scar Jim\u00e9nez son nuevos jugadores del Am\u00e9rica<\/p>\n","protected":false},"author":20,"featured_media":451055,"comment_status":"closed","ping_status":"closed","sticky":false,"template":"","format":"standard","meta":[],"categories":[5],"tags":[5959,5964,7890,7440,4478,7648],"_links":{"self":[{"href":"http:\/\/desarrollo.grupomedios.com\/futbol\/wp-json\/wp\/v2\/posts\/451054"}],"collection":[{"href":"http:\/\/desarrollo.grupomedios.com\/futbol\/wp-json\/wp\/v2\/posts"}],"about":[{"href":"http:\/\/desarrollo.grupomedios.com\/futbol\/wp-json\/wp\/v2\/types\/post"}],"author":[{"embeddable":true,"href":"http:\/\/desarrollo.grupomedios.com\/futbol\/wp-json\/wp\/v2\/users\/20"}],"replies":[{"embeddable":true,"href":"http:\/\/desarrollo.grupomedios.com\/futbol\/wp-json\/wp\/v2\/comments?post=451054"}],"version-history":[{"count":0,"href":"http:\/\/desarrollo.grupomedios.com\/futbol\/wp-json\/wp\/v2\/posts\/451054\/revisions"}],"wp:featuredmedia":[{"embeddable":true,"href":"http:\/\/desarrollo.grupomedios.com\/futbol\/wp-json\/wp\/v2\/media\/451055"}],"wp:attachment":[{"href":"http:\/\/desarrollo.grupomedios.com\/futbol\/wp-json\/wp\/v2\/media?parent=451054"}],"wp:term":[{"taxonomy":"category","embeddable":true,"href":"http:\/\/desarrollo.grupomedios.com\/futbol\/wp-json\/wp\/v2\/categories?post=451054"},{"taxonomy":"post_tag","embeddable":true,"href":"http:\/\/desarrollo.grupomedios.com\/futbol\/wp-json\/wp\/v2\/tags?post=451054"}],"curies":[{"name":"wp","href":"https:\/\/api.w.org\/{rel}","templated":true}]}}