{"id":451067,"date":"2016-12-27T09:23:47","date_gmt":"2016-12-27T15:23:47","guid":{"rendered":"https:\/\/www.futboltotal.com.mx\/?p=451067"},"modified":"2016-12-27T12:10:38","modified_gmt":"2016-12-27T18:10:38","slug":"vela-condiciones-los-mejores-del-mundo-dt-la-real","status":"publish","type":"post","link":"http:\/\/desarrollo.grupomedios.com\/futbol\/futbol-internacional\/vela-condiciones-los-mejores-del-mundo-dt-la-real\/2016\/12","title":{"rendered":"Vela tiene condiciones para ser de los mejores del mundo: DT de la Real"},"content":{"rendered":"<p>El t\u00e9cnico de la <strong>Real Sociedad<\/strong>, Eusebio Sacrist\u00e1n, elogi\u00f3 al mexicano <strong>Carlos Vela<\/strong>, del que dijo que &#8220;tiene condiciones para ser uno de los mejores jugadores del mundo&#8221; y destac\u00f3 que el atacante esta temporada ha encontrado las condiciones para &#8220;ser feliz&#8221; en el equipo.<\/p>\n<p>Eusebio, protagonista este martes del <em>EFEF\u00d3RUM DEPORTES<\/em>, destac\u00f3 el papel de la gran estrella de su equipo, con el que tambi\u00e9n tuvo alg\u00fan enfrentamiento a su llegada al club donostiarra.<\/p>\n<blockquote><p>&#8220;<strong>Carlos Vela<\/strong> es un grand\u00edsimo jugador, con unas condiciones que le convierten en uno de los mejores del mundo. Es un chico con un car\u00e1cter especial, que juega para ser feliz y conseguir retos importantes. Y muchas veces se deja llevar por sus emociones o sentimientos, porque necesita ser feliz. Esto hace que, cuando siente que eso no lo tiene, cree que lo mejor es cambiar de aires&#8221;.<\/p>\n<p>&#8220;Hubo alg\u00fan momento, en el pasado, en que dud\u00f3 que lo pudiese conseguir en la Real. Despu\u00e9s de este verano, hablamos y le dije que quer\u00eda que siguiese, porque es un lujo para la Real, pero que lo quer\u00eda contento y motivado. Le dije que estar\u00eda encantado de que siguiese si encontraba esa motivaci\u00f3n para ser feliz en San Sebasti\u00e1n. Parece que lo hemos conseguido&#8221;, explic\u00f3.<\/p><\/blockquote>\n<p style=\"text-align: center;\"><span style=\"color: #3366ff;\"><a style=\"color: #3366ff;\" href=\"https:\/\/www.futboltotal.com.mx\/2016\/12\/roban-casa-tevez-celebraba-boda\/\">LEER M\u00c1S: Roban casa de Tevez mientras celebraba su boda<\/a><\/span><\/p>\n<p>El entrenador realista tambi\u00e9n tuvo un emotivo recuerdo para Ronaldinho y la etapa de Frank Rijkaard, del que fue ayudante en el Barcelona.<\/p>\n<p>&#8220;Ronaldinho contagiaba alegr\u00eda. El equipo iba al ritmo que \u00e9l marcaba, porque los compa\u00f1eros le respetaban. Mientras tuvo esa energ\u00eda, fue el referente pero cuando, de alguna manera, aquello desapareci\u00f3, desaparecieron los resultados, pero Roonaldinho fue muy importante. La llegada de Frank Rijkaard sirvi\u00f3 para recuperar el camino emprendido por Cruyff y la de Ronaldinho para volver a ilusionar a una afici\u00f3n. Como no acab\u00f3 bien ha quedado un poco apagado ese trabajo, cuando supuso ganar una copa de Europa, dos Ligas y recuperar una idea de juego&#8221;, a\u00f1adi\u00f3.<\/p>\n<p>&nbsp;<\/p>\n","protected":false},"excerpt":{"rendered":"<p>Asegur\u00f3 que Carlos ha encontrado las condiciones para &#8220;ser feliz&#8221; en el equipo.<\/p>\n","protected":false},"author":144,"featured_media":449560,"comment_status":"closed","ping_status":"closed","sticky":false,"template":"","format":"standard","meta":[],"categories":[3839,3844,6718],"tags":[6048,6214,1913],"_links":{"self":[{"href":"http:\/\/desarrollo.grupomedios.com\/futbol\/wp-json\/wp\/v2\/posts\/451067"}],"collection":[{"href":"http:\/\/desarrollo.grupomedios.com\/futbol\/wp-json\/wp\/v2\/posts"}],"about":[{"href":"http:\/\/desarrollo.grupomedios.com\/futbol\/wp-json\/wp\/v2\/types\/post"}],"author":[{"embeddable":true,"href":"http:\/\/desarrollo.grupomedios.com\/futbol\/wp-json\/wp\/v2\/users\/144"}],"replies":[{"embeddable":true,"href":"http:\/\/desarrollo.grupomedios.com\/futbol\/wp-json\/wp\/v2\/comments?post=451067"}],"version-history":[{"count":0,"href":"http:\/\/desarrollo.grupomedios.com\/futbol\/wp-json\/wp\/v2\/posts\/451067\/revisions"}],"wp:featuredmedia":[{"embeddable":true,"href":"http:\/\/desarrollo.grupomedios.com\/futbol\/wp-json\/wp\/v2\/media\/449560"}],"wp:attachment":[{"href":"http:\/\/desarrollo.grupomedios.com\/futbol\/wp-json\/wp\/v2\/media?parent=451067"}],"wp:term":[{"taxonomy":"category","embeddable":true,"href":"http:\/\/desarrollo.grupomedios.com\/futbol\/wp-json\/wp\/v2\/categories?post=451067"},{"taxonomy":"post_tag","embeddable":true,"href":"http:\/\/desarrollo.grupomedios.com\/futbol\/wp-json\/wp\/v2\/tags?post=451067"}],"curies":[{"name":"wp","href":"https:\/\/api.w.org\/{rel}","templated":true}]}}