{"id":451068,"date":"2016-12-27T09:33:43","date_gmt":"2016-12-27T15:33:43","guid":{"rendered":"https:\/\/www.futboltotal.com.mx\/?p=451068"},"modified":"2016-12-27T09:33:43","modified_gmt":"2016-12-27T15:33:43","slug":"santos-ya-se-mentaliza-en-pegarle-al-campeon-tigres","status":"publish","type":"post","link":"http:\/\/desarrollo.grupomedios.com\/futbol\/futbol-mexicano\/santos-ya-se-mentaliza-en-pegarle-al-campeon-tigres\/2016\/12","title":{"rendered":"Santos ya se mentaliza en pegarle al campe\u00f3n Tigres"},"content":{"rendered":"<p>El entrenador del <strong>Santos Laguna<\/strong> del futbol mexicano, Jos\u00e9 Manuel de la Torre, asegur\u00f3 que su equipo va de menos a m\u00e1s en la pretemporada de preparaci\u00f3n al Clausura 2017 y ya se mentaliza para vencer al campe\u00f3n Tigres en la primera jornada.<\/p>\n<p>&#8220;Vamos de menos a m\u00e1s, afincando bases s\u00f3lidas para aspirar a algo m\u00e1s, todo eso va bien, la entrega, la concentraci\u00f3n y en todos los aspectos se ha manifestado una mejor\u00eda&#8221;, dijo el estratega.<\/p>\n<p style=\"text-align: center;\"><span style=\"color: #3366ff;\"><a style=\"color: #3366ff;\" href=\"https:\/\/www.futboltotal.com.mx\/2016\/12\/ricardo-la-volpe-se-va-del-america\/\">LEER M\u00c1S: Ricardo La Volpe no se va del Am\u00e9rica<\/a><\/span><\/p>\n<p>Despu\u00e9s de un trabajo de dos semanas en la Ciudad de M\u00e9xico, a 2.240 metros de altitud sobre el nivel del mar, el <strong>Santos Laguna<\/strong> ya est\u00e1 en su campamento de Torre\u00f3n, donde De la Torre preparar\u00e1 la estrategia para enfrentarse al <em>Tigres<\/em>.<\/p>\n<p>&#8220;Vamos a estar trabajando en Torre\u00f3n, buscando no tener que viajar a ning\u00fan lado para tener esa preparaci\u00f3n; en estas dos semanas nos enfocaremos en la preparaci\u00f3n para el partido contra <em>Tigres<\/em>&#8220;, observ\u00f3.<\/p>\n<p>De la Torre dijo que el grupo est\u00e1 comprometido en todos los aspectos, la actitud ha sido buena y los jugadores est\u00e1n concentrados en crecer en la parte f\u00edsica y futbol\u00edstica.<\/p>\n<p style=\"text-align: center;\"><span style=\"color: #3366ff;\"><a style=\"color: #3366ff;\" href=\"https:\/\/www.futboltotal.com.mx\/2016\/12\/gignac-brailovsky-protagonizan-pelea-en-redes-sociales\/\">LEER M\u00c1S: Gignac y Brailovsky protagonizan pelea en redes sociales<\/a><\/span><\/p>\n<p>Al referirse a los refuerzos reci\u00e9n llegados confi\u00f3 en sacar lo mejor de ello porque se han acomodado bien.<\/p>\n<p>&#8220;Llegaron en buen momento, se adaptaron, ya se est\u00e1n instalando en la ciudad, su adaptaci\u00f3n en todos los aspectos ha sido buena, su entrega para prepararse bien, para aceptar todo lo que conlleva estar en el grupo, su compromiso ha sido bueno&#8221;, dijo.<\/p>\n<p><b>S\u00edguenos en <span id=\"m_8326340040579292291goog_2054972132\"><\/span>Twitter <a href=\"https:\/\/twitter.com\/MXFutbolTotal\" target=\"_blank\" data-saferedirecturl=\"https:\/\/www.google.com\/url?hl=es&amp;q=https:\/\/twitter.com\/MXFutbolTotal&amp;source=gmail&amp;ust=1482936210371000&amp;usg=AFQjCNG4apc-K9k_qEXOUtLdjnXyzsxGTg\">@MXFutbolTotal<\/a><\/b><\/p>\n","protected":false},"excerpt":{"rendered":"<p>Los albiverdes cerrar\u00e1n su preparaci\u00f3n en Torre\u00f3n.<\/p>\n","protected":false},"author":144,"featured_media":451070,"comment_status":"closed","ping_status":"closed","sticky":false,"template":"","format":"standard","meta":[],"categories":[2198,3845],"tags":[7732,741,5972,5973],"_links":{"self":[{"href":"http:\/\/desarrollo.grupomedios.com\/futbol\/wp-json\/wp\/v2\/posts\/451068"}],"collection":[{"href":"http:\/\/desarrollo.grupomedios.com\/futbol\/wp-json\/wp\/v2\/posts"}],"about":[{"href":"http:\/\/desarrollo.grupomedios.com\/futbol\/wp-json\/wp\/v2\/types\/post"}],"author":[{"embeddable":true,"href":"http:\/\/desarrollo.grupomedios.com\/futbol\/wp-json\/wp\/v2\/users\/144"}],"replies":[{"embeddable":true,"href":"http:\/\/desarrollo.grupomedios.com\/futbol\/wp-json\/wp\/v2\/comments?post=451068"}],"version-history":[{"count":0,"href":"http:\/\/desarrollo.grupomedios.com\/futbol\/wp-json\/wp\/v2\/posts\/451068\/revisions"}],"wp:featuredmedia":[{"embeddable":true,"href":"http:\/\/desarrollo.grupomedios.com\/futbol\/wp-json\/wp\/v2\/media\/451070"}],"wp:attachment":[{"href":"http:\/\/desarrollo.grupomedios.com\/futbol\/wp-json\/wp\/v2\/media?parent=451068"}],"wp:term":[{"taxonomy":"category","embeddable":true,"href":"http:\/\/desarrollo.grupomedios.com\/futbol\/wp-json\/wp\/v2\/categories?post=451068"},{"taxonomy":"post_tag","embeddable":true,"href":"http:\/\/desarrollo.grupomedios.com\/futbol\/wp-json\/wp\/v2\/tags?post=451068"}],"curies":[{"name":"wp","href":"https:\/\/api.w.org\/{rel}","templated":true}]}}