{"id":451072,"date":"2016-12-27T10:17:56","date_gmt":"2016-12-27T16:17:56","guid":{"rendered":"https:\/\/www.futboltotal.com.mx\/?p=451072"},"modified":"2016-12-27T10:17:56","modified_gmt":"2016-12-27T16:17:56","slug":"en-el-atleti-quieren-al-cholo-simeone-para-rato","status":"publish","type":"post","link":"http:\/\/desarrollo.grupomedios.com\/futbol\/futbol-internacional\/en-el-atleti-quieren-al-cholo-simeone-para-rato\/2016\/12","title":{"rendered":"En el Atleti quieren a Diego Simeone para rato"},"content":{"rendered":"<p>Miguel \u00c1ngel Gil Mar\u00edn, consejero delegado del Atl\u00e9tico de Madrid, asegur\u00f3\u00a0 la continuidad del argentino<strong> Diego Simeone<\/strong> como entrenador esta temporada y la pr\u00f3xima, hasta 2018, y espera que &#8220;muchos &#8220;a\u00f1os m\u00e1s&#8221;, y garantiz\u00f3 que el equipo iniciar\u00e1 la pr\u00f3xima campa\u00f1a en el estadio Wanda Metropolitano.<\/p>\n<p>&#8220;Yo creo que s\u00ed (hay Simeone para rato en el Atl\u00e9tico). Esta (temporada) y la que viene con seguridad. Y espero que muchas m\u00e1s. Lleva cinco a\u00f1os con nosotros y lo razonable es que haga unos cuantos m\u00e1s. Por nuestra parte no va a quedar. Nosotros estamos encantados&#8221;, explic\u00f3 en declaraciones a <em>La Sexta<\/em> durante la transmisi\u00f3n de un partido de la <em>La Liga Promises<\/em> en Tenerife.<\/p>\n<p style=\"text-align: center;\"><a href=\"https:\/\/www.futboltotal.com.mx\/2016\/12\/vela-condiciones-los-mejores-del-mundo-dt-la-real\/\"><span style=\"color: #3366ff;\">LEER M\u00c1S: Vela tiene condiciones para ser de los mejores del mundo: DT de la Real<\/span><\/a><\/p>\n<p>&#8220;Fue una bendici\u00f3n tanto para \u00e9l como para nosotros juntarnos en un periodo de la historia del club, seguimos creciendo y lo m\u00e1s inteligente para las dos partes es seguir muchos m\u00e1s a\u00f1os juntos&#8221;, valor\u00f3 Gil Mar\u00edn, que insisti\u00f3 en que el t\u00e9cnico <strong>Diego Simeone<\/strong> continuar\u00e1 hasta 2018: &#8220;S\u00ed. Por la parte del Atl\u00e9tico de Madrid, con seguridad s\u00ed&#8221;.<\/p>\n<p>&#8220;La idea es seguir creciendo con \u00e9l y seguir disfrutando con el ambiente que \u00e9l junto a los jugadores han creado&#8221;, a\u00f1adi\u00f3 el consejero delegado del club rojiblanco sobre <strong>Simeone<\/strong>, que tiene contrato con la entidad hasta el 30 de junio de 2018, despu\u00e9s de la reducci\u00f3n de dos a\u00f1os que se ha hecho efectiva esta campa\u00f1a.<\/p>\n<p>Tambi\u00e9n habl\u00f3 sobre el nuevo estadio Wanda Metropolitano, del que remarc\u00f3 que estar\u00e1 listo para el comienzo de la temporada 2017-18, como estaba previsto: &#8220;Vamos a jugar el primer partido de Liga de la pr\u00f3xima temporada en el Wanda Metropolitano con seguridad&#8221;.<\/p>\n<p style=\"text-align: center;\"><a href=\"https:\/\/www.futboltotal.com.mx\/2016\/12\/roban-casa-tevez-celebraba-boda\/\"><span style=\"color: #3366ff;\">LEER M\u00c1S: Roban casa de Tevez mientras celebraba su boda<\/span><\/a><\/p>\n<p>Gil Mar\u00edn, adem\u00e1s, repas\u00f3 en declaraciones a <em>La Sexta<\/em>, recogidas en la p\u00e1gina web oficial del canal de televisi\u00f3n, que &#8220;es el mismo escudo&#8221;, en referencia a las modificaciones que se incluir\u00e1n para la pr\u00f3xima campa\u00f1a. &#8220;Pero hemos fijado los tres colores que nos representan realmente; blanco, rojo y azul&#8221;, dijo.<\/p>\n<p>&#8220;Y hemos hecho desaparecer cuatro que no nos representan: el marr\u00f3n, el verde, el negro y el amarillo. Y, a partir de ah\u00ed, el resto se ha dejado pr\u00e1cticamente igual. Se le ha querido dar mayor relevancia al emblema de la ciudad de Madrid, al oso y el madro\u00f1o, y nada m\u00e1s. Es exactamente lo mismo&#8221;, concluy\u00f3.<\/p>\n<p><b>S\u00edguenos en <span id=\"m_8326340040579292291goog_2054972132\"><\/span>Twitter <a href=\"https:\/\/twitter.com\/MXFutbolTotal\" target=\"_blank\" data-saferedirecturl=\"https:\/\/www.google.com\/url?hl=es&amp;q=https:\/\/twitter.com\/MXFutbolTotal&amp;source=gmail&amp;ust=1482936210371000&amp;usg=AFQjCNG4apc-K9k_qEXOUtLdjnXyzsxGTg\">@MXFutbolTotal<\/a><\/b><\/p>\n","protected":false},"excerpt":{"rendered":"<p>El Cholo le ha dado cinco t\u00edtulos al club: una liga y una Europa League, lo m\u00e1s destacado.<\/p>\n","protected":false},"author":144,"featured_media":451078,"comment_status":"closed","ping_status":"closed","sticky":false,"template":"","format":"standard","meta":[],"categories":[3839,3844],"tags":[6007,1384,76],"_links":{"self":[{"href":"http:\/\/desarrollo.grupomedios.com\/futbol\/wp-json\/wp\/v2\/posts\/451072"}],"collection":[{"href":"http:\/\/desarrollo.grupomedios.com\/futbol\/wp-json\/wp\/v2\/posts"}],"about":[{"href":"http:\/\/desarrollo.grupomedios.com\/futbol\/wp-json\/wp\/v2\/types\/post"}],"author":[{"embeddable":true,"href":"http:\/\/desarrollo.grupomedios.com\/futbol\/wp-json\/wp\/v2\/users\/144"}],"replies":[{"embeddable":true,"href":"http:\/\/desarrollo.grupomedios.com\/futbol\/wp-json\/wp\/v2\/comments?post=451072"}],"version-history":[{"count":0,"href":"http:\/\/desarrollo.grupomedios.com\/futbol\/wp-json\/wp\/v2\/posts\/451072\/revisions"}],"wp:featuredmedia":[{"embeddable":true,"href":"http:\/\/desarrollo.grupomedios.com\/futbol\/wp-json\/wp\/v2\/media\/451078"}],"wp:attachment":[{"href":"http:\/\/desarrollo.grupomedios.com\/futbol\/wp-json\/wp\/v2\/media?parent=451072"}],"wp:term":[{"taxonomy":"category","embeddable":true,"href":"http:\/\/desarrollo.grupomedios.com\/futbol\/wp-json\/wp\/v2\/categories?post=451072"},{"taxonomy":"post_tag","embeddable":true,"href":"http:\/\/desarrollo.grupomedios.com\/futbol\/wp-json\/wp\/v2\/tags?post=451072"}],"curies":[{"name":"wp","href":"https:\/\/api.w.org\/{rel}","templated":true}]}}