{"id":451102,"date":"2016-12-27T12:17:52","date_gmt":"2016-12-27T18:17:52","guid":{"rendered":"https:\/\/www.futboltotal.com.mx\/?p=451102"},"modified":"2016-12-27T12:17:52","modified_gmt":"2016-12-27T18:17:52","slug":"real-madrid-tendra-coleccion-retro-en-2017","status":"publish","type":"post","link":"http:\/\/desarrollo.grupomedios.com\/futbol\/galerias\/real-madrid-tendra-coleccion-retro-en-2017\/2016\/12","title":{"rendered":"Real Madrid tendr\u00e1 colecci\u00f3n retro en 2017"},"content":{"rendered":"<p>El <strong>Real Madrid<\/strong> arrancar\u00e1 el pr\u00f3ximo 2017 estrenando una indumentaria retro, inspirada en los modelos que utiliz\u00f3 en la d\u00e9cada de los 80&#8217;s y 90&#8217;s.<\/p>\n<p>Adidas ha sacado del horno una colecci\u00f3n especial que consta de una playera de juego, as\u00ed como de un <em>kit <\/em>de entrenamiento compuesto por una playera, sudadera y pants; todos en color blanco y con peque\u00f1os detalles en color morado.<\/p>\n<p>Esta equipaci\u00f3n estar\u00e1 disponible en los pr\u00f3ximos d\u00edas en las principales tiendas deportivas, as\u00ed como a trav\u00e9s de la tienda virtual del club y de la firma alemana.<\/p>\n<p>\u00bfQu\u00e9 les parece la equipaci\u00f3n retro del Real Madrid?<\/p>\n<p><img decoding=\"async\" loading=\"lazy\" class=\"alignnone size-full wp-image-451105\" src=\"https:\/\/www.futboltotal.com.mx\/wp-content\/uploads\/2016\/12\/r3.jpg\" alt=\"r3\" srcset=\"http:\/\/desarrollo.grupomedios.com\/futbol\/wp-content\/uploads\/2016\/12\/r3.jpg 738w, http:\/\/desarrollo.grupomedios.com\/futbol\/wp-content\/uploads\/2016\/12\/r3-150x150.jpg 150w, http:\/\/desarrollo.grupomedios.com\/futbol\/wp-content\/uploads\/2016\/12\/r3-300x300.jpg 300w\" sizes=\"(max-width: 738px) 100vw, 738px\" \/> <img decoding=\"async\" loading=\"lazy\" class=\"alignnone size-full wp-image-451106\" src=\"https:\/\/www.futboltotal.com.mx\/wp-content\/uploads\/2016\/12\/r4.jpg\" alt=\"r4\" srcset=\"http:\/\/desarrollo.grupomedios.com\/futbol\/wp-content\/uploads\/2016\/12\/r4.jpg 738w, http:\/\/desarrollo.grupomedios.com\/futbol\/wp-content\/uploads\/2016\/12\/r4-150x150.jpg 150w, http:\/\/desarrollo.grupomedios.com\/futbol\/wp-content\/uploads\/2016\/12\/r4-300x300.jpg 300w\" sizes=\"(max-width: 738px) 100vw, 738px\" \/><img decoding=\"async\" loading=\"lazy\" class=\"alignnone size-full wp-image-451107\" src=\"https:\/\/www.futboltotal.com.mx\/wp-content\/uploads\/2016\/12\/r5.jpg\" alt=\"r5\" srcset=\"http:\/\/desarrollo.grupomedios.com\/futbol\/wp-content\/uploads\/2016\/12\/r5.jpg 738w, http:\/\/desarrollo.grupomedios.com\/futbol\/wp-content\/uploads\/2016\/12\/r5-150x150.jpg 150w, http:\/\/desarrollo.grupomedios.com\/futbol\/wp-content\/uploads\/2016\/12\/r5-300x300.jpg 300w\" sizes=\"(max-width: 738px) 100vw, 738px\" \/><a href=\"https:\/\/www.futboltotal.com.mx\/wp-content\/uploads\/2016\/12\/r2.jpg\"><img decoding=\"async\" loading=\"lazy\" class=\"alignnone size-full wp-image-451104\" src=\"https:\/\/www.futboltotal.com.mx\/wp-content\/uploads\/2016\/12\/r2.jpg\" alt=\"r2\" srcset=\"http:\/\/desarrollo.grupomedios.com\/futbol\/wp-content\/uploads\/2016\/12\/r2.jpg 738w, http:\/\/desarrollo.grupomedios.com\/futbol\/wp-content\/uploads\/2016\/12\/r2-150x150.jpg 150w, http:\/\/desarrollo.grupomedios.com\/futbol\/wp-content\/uploads\/2016\/12\/r2-300x300.jpg 300w\" sizes=\"(max-width: 738px) 100vw, 738px\" \/><\/a>\u00a0\u00a0\u00a0\u00a0<a href=\"https:\/\/www.futboltotal.com.mx\/wp-content\/uploads\/2016\/12\/r6.jpg\"><img decoding=\"async\" loading=\"lazy\" class=\"alignnone size-full wp-image-451108\" src=\"https:\/\/www.futboltotal.com.mx\/wp-content\/uploads\/2016\/12\/r6.jpg\" alt=\"r6\" srcset=\"http:\/\/desarrollo.grupomedios.com\/futbol\/wp-content\/uploads\/2016\/12\/r6.jpg 738w, http:\/\/desarrollo.grupomedios.com\/futbol\/wp-content\/uploads\/2016\/12\/r6-150x150.jpg 150w, http:\/\/desarrollo.grupomedios.com\/futbol\/wp-content\/uploads\/2016\/12\/r6-300x300.jpg 300w\" sizes=\"(max-width: 738px) 100vw, 738px\" \/><\/a> <a href=\"https:\/\/www.futboltotal.com.mx\/wp-content\/uploads\/2016\/12\/r7.jpg\"><img decoding=\"async\" loading=\"lazy\" class=\"alignnone size-full wp-image-451109\" src=\"https:\/\/www.futboltotal.com.mx\/wp-content\/uploads\/2016\/12\/r7.jpg\" alt=\"r7\" srcset=\"http:\/\/desarrollo.grupomedios.com\/futbol\/wp-content\/uploads\/2016\/12\/r7.jpg 738w, http:\/\/desarrollo.grupomedios.com\/futbol\/wp-content\/uploads\/2016\/12\/r7-150x150.jpg 150w, http:\/\/desarrollo.grupomedios.com\/futbol\/wp-content\/uploads\/2016\/12\/r7-300x300.jpg 300w\" sizes=\"(max-width: 738px) 100vw, 738px\" \/><\/a><\/p>\n","protected":false},"excerpt":{"rendered":"<p>\u00bfQu\u00e9 les parece la nueva indumentaria de los Merengues?.<\/p>\n","protected":false},"author":20,"featured_media":451115,"comment_status":"closed","ping_status":"closed","sticky":false,"template":"","format":"standard","meta":[],"categories":[3839,3,3844,5951],"tags":[5988],"_links":{"self":[{"href":"http:\/\/desarrollo.grupomedios.com\/futbol\/wp-json\/wp\/v2\/posts\/451102"}],"collection":[{"href":"http:\/\/desarrollo.grupomedios.com\/futbol\/wp-json\/wp\/v2\/posts"}],"about":[{"href":"http:\/\/desarrollo.grupomedios.com\/futbol\/wp-json\/wp\/v2\/types\/post"}],"author":[{"embeddable":true,"href":"http:\/\/desarrollo.grupomedios.com\/futbol\/wp-json\/wp\/v2\/users\/20"}],"replies":[{"embeddable":true,"href":"http:\/\/desarrollo.grupomedios.com\/futbol\/wp-json\/wp\/v2\/comments?post=451102"}],"version-history":[{"count":0,"href":"http:\/\/desarrollo.grupomedios.com\/futbol\/wp-json\/wp\/v2\/posts\/451102\/revisions"}],"wp:featuredmedia":[{"embeddable":true,"href":"http:\/\/desarrollo.grupomedios.com\/futbol\/wp-json\/wp\/v2\/media\/451115"}],"wp:attachment":[{"href":"http:\/\/desarrollo.grupomedios.com\/futbol\/wp-json\/wp\/v2\/media?parent=451102"}],"wp:term":[{"taxonomy":"category","embeddable":true,"href":"http:\/\/desarrollo.grupomedios.com\/futbol\/wp-json\/wp\/v2\/categories?post=451102"},{"taxonomy":"post_tag","embeddable":true,"href":"http:\/\/desarrollo.grupomedios.com\/futbol\/wp-json\/wp\/v2\/tags?post=451102"}],"curies":[{"name":"wp","href":"https:\/\/api.w.org\/{rel}","templated":true}]}}