{"id":451113,"date":"2016-12-27T13:41:11","date_gmt":"2016-12-27T19:41:11","guid":{"rendered":"https:\/\/www.futboltotal.com.mx\/?p=451113"},"modified":"2016-12-27T13:43:44","modified_gmt":"2016-12-27T19:43:44","slug":"lo-mejor-peor-del-2016-en-la-liga-mx","status":"publish","type":"post","link":"http:\/\/desarrollo.grupomedios.com\/futbol\/futbol-mexicano\/lo-mejor-peor-del-2016-en-la-liga-mx\/2016\/12","title":{"rendered":"Lo mejor y peor del 2016 en la Liga MX"},"content":{"rendered":"<p>La Liga MX fue emocionante de inici\u00f3 a fin y nos dej\u00f3 momentos para recordar por mucho tiempo, adem\u00e1s de que en la Copa MX vimos a la gran sorpresa del a\u00f1o.<\/p>\n<p>Seguimos recordando a Xolos pasar por encima de todos en el Apertura 2016, o el renacer de Chivas con Mat\u00edas Almeyda al mando.<\/p>\n<p>Tambi\u00e9n hubo momentos malos y de gran frustraci\u00f3n o coraje para aficionados; no olvidaremos el p\u00e9simo a\u00f1o de Dorados y el Am\u00e9rica sin un t\u00edtulo en su Centenario. Esto y mucho m\u00e1s te lo traemos en el recuento de lo mejor y lo peor del futbol mexicano.<\/p>\n<p><script type=\"text\/javascript\" src=\"\/\/cdn.playbuzz.com\/widget\/feed.js\"><\/script><\/p>\n<div class=\"pb_feed\" data-embed-by=\"d43f3879-83ed-40bc-99d7-fde80605466f\" data-game=\"\/futboltotal\/lo-mejor-y-peor-del-2016-en-la-liga-mx\" data-game-info=\"false\" data-comments=\"false\"><\/div>\n","protected":false},"excerpt":{"rendered":"<p>Hubo momentos dignos de recordar. <\/p>\n","protected":false},"author":20,"featured_media":451140,"comment_status":"closed","ping_status":"closed","sticky":false,"template":"","format":"standard","meta":[],"categories":[7570,2198,3845],"tags":[5959,5964,70,5962,759,261,5973,5974,1673],"_links":{"self":[{"href":"http:\/\/desarrollo.grupomedios.com\/futbol\/wp-json\/wp\/v2\/posts\/451113"}],"collection":[{"href":"http:\/\/desarrollo.grupomedios.com\/futbol\/wp-json\/wp\/v2\/posts"}],"about":[{"href":"http:\/\/desarrollo.grupomedios.com\/futbol\/wp-json\/wp\/v2\/types\/post"}],"author":[{"embeddable":true,"href":"http:\/\/desarrollo.grupomedios.com\/futbol\/wp-json\/wp\/v2\/users\/20"}],"replies":[{"embeddable":true,"href":"http:\/\/desarrollo.grupomedios.com\/futbol\/wp-json\/wp\/v2\/comments?post=451113"}],"version-history":[{"count":0,"href":"http:\/\/desarrollo.grupomedios.com\/futbol\/wp-json\/wp\/v2\/posts\/451113\/revisions"}],"wp:featuredmedia":[{"embeddable":true,"href":"http:\/\/desarrollo.grupomedios.com\/futbol\/wp-json\/wp\/v2\/media\/451140"}],"wp:attachment":[{"href":"http:\/\/desarrollo.grupomedios.com\/futbol\/wp-json\/wp\/v2\/media?parent=451113"}],"wp:term":[{"taxonomy":"category","embeddable":true,"href":"http:\/\/desarrollo.grupomedios.com\/futbol\/wp-json\/wp\/v2\/categories?post=451113"},{"taxonomy":"post_tag","embeddable":true,"href":"http:\/\/desarrollo.grupomedios.com\/futbol\/wp-json\/wp\/v2\/tags?post=451113"}],"curies":[{"name":"wp","href":"https:\/\/api.w.org\/{rel}","templated":true}]}}