{"id":451143,"date":"2016-12-27T15:40:41","date_gmt":"2016-12-27T21:40:41","guid":{"rendered":"https:\/\/www.futboltotal.com.mx\/?p=451143"},"modified":"2016-12-27T16:46:32","modified_gmt":"2016-12-27T22:46:32","slug":"moises-munoz-oficial-salida-america","status":"publish","type":"post","link":"http:\/\/desarrollo.grupomedios.com\/futbol\/destacado-home\/moises-munoz-oficial-salida-america\/2016\/12","title":{"rendered":"Mois\u00e9s Mu\u00f1oz se despidi\u00f3 de Am\u00e9rica: &#8220;Fueron injustos conmigo&#8221;"},"content":{"rendered":"<p>A trav\u00e9s de su canal de <em>YouTube<\/em>, <strong>Mois\u00e9s Mu\u00f1oz<\/strong> confirm\u00f3 su salido del<strong> Club Am\u00e9rica<\/strong>. Lo que ven\u00eda siendo un fuerte rumor en las \u00faltimas semanas, el guardameta mexicano ya ha dado por hecho.<\/p>\n<p><strong>Mois\u00e9s,<\/strong> aclara su amor por las<strong> \u00c1guilas<\/strong> y agradece todo lo que le dieron durante los a\u00f1os que defendi\u00f3 el marco azulcrema, Moi contuvo las lagrimas al dar el anuncio.<\/p>\n<p style=\"text-align: center;\"><span style=\"color: #3366ff;\"><a style=\"color: #3366ff;\" href=\"https:\/\/www.futboltotal.com.mx\/2016\/12\/america-pone-transferibles-a-dos-sus-figuras\/\" target=\"_blank\">LEER M\u00c1S: Am\u00e9rica pone transferibles a dos de sus figuras!<\/a><\/span><\/p>\n<blockquote><p>&#8220;Todo en esta vida es c\u00edclico y mi etapa en el<strong> Club Am\u00e9rica<\/strong> ha terminado&#8221;, comenta el futbolista con un rostro desencajado.<\/p><\/blockquote>\n<p style=\"text-align: left;\">El veterano arquero no tuvo problema en hacer saber a la gente que las condiciones que se le presentaron con la llegada de Agust\u00edn Marches\u00edn no son justas.<\/p>\n<blockquote>\n<p class=\"p1\"><span class=\"s1\">&#8220;No me han permitido pelear por un puesto en igualdad de condiciones y la verdad que eso a m\u00ed no me parece justo&#8221;, asegur\u00f3 Moi.<\/span><\/p>\n<\/blockquote>\n<p>Coment\u00f3 que es una de las decisiones que m\u00e1s le doli\u00f3 tomar, pero que no le parec\u00eda justo permanecer en la instituci\u00f3n si no le iban a dar oportunidad de pelear la titularidad.<\/p>\n<blockquote><p>&#8221; Esta es una de esas decisiones que uno nunca hubiera querido que llegara, pero es as\u00ed y yo sigo firme a mis ideales. No me han permitido pelear por un puesto en igualdad de circunstancias y eso no me parece justo&#8221; relata el cancerbero.<\/p><\/blockquote>\n<p>Externo su cari\u00f1o y agradecimientos para el <strong>Am\u00e9rica<\/strong>, adem\u00e1s de sentirse orgulloso de haber vivido su mejor etapa y consolidaci\u00f3n como guardameta.<\/p>\n<blockquote><p>&#8220;Mi consolidaci\u00f3n me queda muy claro como arquero, me lleg\u00f3 en esta gran instituci\u00f3n; el <strong>Club Am\u00e9rica<\/strong> vivir\u00e1 en mi coraz\u00f3n por siempre&#8221;, puntualiz\u00f3 <strong>Moi.<\/strong><\/p><\/blockquote>\n<p>De esta forma llega a su fin la era de <strong>Mu\u00f1oz<\/strong> al mando de la porter\u00eda del Am\u00e9rica, club con el que consigui\u00f3 dos t\u00edtulos de liga, dos Concachampions y viajar a dos Mundial de Clubes.<\/p>\n<p><iframe loading=\"lazy\" src=\"https:\/\/www.youtube.com\/embed\/9fle1arystc?feature=oembed\" frameborder=\"0\" allowfullscreen><\/iframe><\/p>\n<p>S\u00edguenos en Twitter: <a href=\"https:\/\/twitter.com\/MXFutbolTotal\" target=\"_blank\">@MXFutnolTotal<\/a><\/p>\n","protected":false},"excerpt":{"rendered":"<p>Mois\u00e9s deja al Club Am\u00e9rica luego de cuatro a\u00f1os<\/p>\n","protected":false},"author":20,"featured_media":451149,"comment_status":"closed","ping_status":"closed","sticky":false,"template":"","format":"standard","meta":[],"categories":[5,7740,2198,3845],"tags":[5959,635],"_links":{"self":[{"href":"http:\/\/desarrollo.grupomedios.com\/futbol\/wp-json\/wp\/v2\/posts\/451143"}],"collection":[{"href":"http:\/\/desarrollo.grupomedios.com\/futbol\/wp-json\/wp\/v2\/posts"}],"about":[{"href":"http:\/\/desarrollo.grupomedios.com\/futbol\/wp-json\/wp\/v2\/types\/post"}],"author":[{"embeddable":true,"href":"http:\/\/desarrollo.grupomedios.com\/futbol\/wp-json\/wp\/v2\/users\/20"}],"replies":[{"embeddable":true,"href":"http:\/\/desarrollo.grupomedios.com\/futbol\/wp-json\/wp\/v2\/comments?post=451143"}],"version-history":[{"count":0,"href":"http:\/\/desarrollo.grupomedios.com\/futbol\/wp-json\/wp\/v2\/posts\/451143\/revisions"}],"wp:featuredmedia":[{"embeddable":true,"href":"http:\/\/desarrollo.grupomedios.com\/futbol\/wp-json\/wp\/v2\/media\/451149"}],"wp:attachment":[{"href":"http:\/\/desarrollo.grupomedios.com\/futbol\/wp-json\/wp\/v2\/media?parent=451143"}],"wp:term":[{"taxonomy":"category","embeddable":true,"href":"http:\/\/desarrollo.grupomedios.com\/futbol\/wp-json\/wp\/v2\/categories?post=451143"},{"taxonomy":"post_tag","embeddable":true,"href":"http:\/\/desarrollo.grupomedios.com\/futbol\/wp-json\/wp\/v2\/tags?post=451143"}],"curies":[{"name":"wp","href":"https:\/\/api.w.org\/{rel}","templated":true}]}}