{"id":451157,"date":"2016-12-27T14:34:06","date_gmt":"2016-12-27T20:34:06","guid":{"rendered":"https:\/\/www.futboltotal.com.mx\/?p=451157"},"modified":"2016-12-27T14:34:06","modified_gmt":"2016-12-27T20:34:06","slug":"cristiano-recibio-premio-al-mejor-jugador-del-mundo-al-solidario","status":"publish","type":"post","link":"http:\/\/desarrollo.grupomedios.com\/futbol\/futbol-internacional\/cristiano-recibio-premio-al-mejor-jugador-del-mundo-al-solidario\/2016\/12","title":{"rendered":"Cristiano recibi\u00f3 premio al mejor jugador del mundo y al m\u00e1s solidario"},"content":{"rendered":"<p>El delantero portugu\u00e9s del Real Madrid Cristiano Ronaldo ha recibido este martes en Dubai el premio como mejor jugador del mundo en la s\u00e9ptima edici\u00f3n de los Globe Soccer Awards, y el premio al jugador m\u00e1s solidario del mundo, denominado &#8220;Good Will Award&#8221;.<\/p>\n<p>https:\/\/twitter.com\/realmadrid\/status\/813716063112208384<\/p>\n<p>El premio al mejor jugador, que el portugu\u00e9s conquista por cuarta vez, fue recogido por el presidente del Real Madrid, Florentino P\u00e9rez, que a su vez recibi\u00f3 el premio al mejor presidente del a\u00f1o y al mejor club.<\/p>\n<blockquote><p>&#8220;Individual y colectivamente \u00e9ste ha sido mi mejor a\u00f1o hasta la fecha. Hemos ganado la Liga de Campeones y el Mundial de clubes con el Real Madrid; hemos ganado con la selecci\u00f3n nacional de Portugal el primer t\u00edtulo importante (Eurocopa); he ganado el Bal\u00f3n de Oro&#8230; No puedo pedir m\u00e1s&#8221;, dijo el portugu\u00e9s en una videoconferencia tras la entrega de galardones en Dubai.<\/p><\/blockquote>\n<p style=\"text-align: center;\"><span style=\"color: #3366ff;\"><a style=\"color: #3366ff;\" href=\"https:\/\/www.futboltotal.com.mx\/2016\/12\/jose-ramon-se-disculpo-ofender-a-arbitro\/\">LEER M\u00c1S: Jos\u00e9 Ram\u00f3n se disculp\u00f3 por ofender a \u00e1rbitro<\/a><\/span><\/p>\n<p>Cristiano Ronaldo, cuatro veces ganador del Bal\u00f3n de Oro, particip\u00f3 por videoconferencia para agradecer esta distinci\u00f3n, la agencia de representaci\u00f3n Gestifute.<\/p>\n<p>&#8220;A quien a\u00fan duda de m\u00ed, del Real Madrid, de la selecci\u00f3n portuguesa: lo hemos ganado todo. Ha sido un a\u00f1o incre\u00edble y estoy muy feliz. Tengo que dar las gracias a mis compa\u00f1eros de equipo en la selecci\u00f3n y en el Real Madrid; a nuestro entrenador Fernando Santos, que espero que gane en el enero el premio al mejor entrenador&#8221;, agreg\u00f3 Cristiano Ronaldo.<\/p>\n<p>Su representante, Jorge Mendes, recogi\u00f3 el premio al jugador m\u00e1s solidario. EFE<\/p>\n","protected":false},"excerpt":{"rendered":"<p>Cristiano gan\u00f3 su cuarto premio del Global Soccer Awards.<\/p>\n","protected":false},"author":144,"featured_media":444209,"comment_status":"closed","ping_status":"closed","sticky":false,"template":"","format":"standard","meta":[],"categories":[3839,5951],"tags":[1496,5988],"_links":{"self":[{"href":"http:\/\/desarrollo.grupomedios.com\/futbol\/wp-json\/wp\/v2\/posts\/451157"}],"collection":[{"href":"http:\/\/desarrollo.grupomedios.com\/futbol\/wp-json\/wp\/v2\/posts"}],"about":[{"href":"http:\/\/desarrollo.grupomedios.com\/futbol\/wp-json\/wp\/v2\/types\/post"}],"author":[{"embeddable":true,"href":"http:\/\/desarrollo.grupomedios.com\/futbol\/wp-json\/wp\/v2\/users\/144"}],"replies":[{"embeddable":true,"href":"http:\/\/desarrollo.grupomedios.com\/futbol\/wp-json\/wp\/v2\/comments?post=451157"}],"version-history":[{"count":0,"href":"http:\/\/desarrollo.grupomedios.com\/futbol\/wp-json\/wp\/v2\/posts\/451157\/revisions"}],"wp:featuredmedia":[{"embeddable":true,"href":"http:\/\/desarrollo.grupomedios.com\/futbol\/wp-json\/wp\/v2\/media\/444209"}],"wp:attachment":[{"href":"http:\/\/desarrollo.grupomedios.com\/futbol\/wp-json\/wp\/v2\/media?parent=451157"}],"wp:term":[{"taxonomy":"category","embeddable":true,"href":"http:\/\/desarrollo.grupomedios.com\/futbol\/wp-json\/wp\/v2\/categories?post=451157"},{"taxonomy":"post_tag","embeddable":true,"href":"http:\/\/desarrollo.grupomedios.com\/futbol\/wp-json\/wp\/v2\/tags?post=451157"}],"curies":[{"name":"wp","href":"https:\/\/api.w.org\/{rel}","templated":true}]}}