{"id":451173,"date":"2016-12-27T15:57:35","date_gmt":"2016-12-27T21:57:35","guid":{"rendered":"https:\/\/www.futboltotal.com.mx\/?p=451173"},"modified":"2016-12-27T16:05:46","modified_gmt":"2016-12-27T22:05:46","slug":"higuera-sigue-encendido-las-redes-sociales","status":"publish","type":"post","link":"http:\/\/desarrollo.grupomedios.com\/futbol\/futbol-mexicano\/higuera-sigue-encendido-las-redes-sociales\/2016\/12","title":{"rendered":"Higuera sigue encendido las redes sociales"},"content":{"rendered":"<p>El CEO de Chivas no deja de causar controversia en Twitter en donde se ha dedicado a interactuar con sus seguidores y tambi\u00e9n crear mucha pol\u00e9mica.<\/p>\n<p>El pasado domingo Jos\u00e9 Luis Higuera envi\u00f3 un fuerte mensaje a los aficionados americanistas, en el tuit se burlaba de lo sucedido en la final de la Liga MX.<\/p>\n<p style=\"text-align: center;\"><span style=\"color: #3366ff;\"><a style=\"color: #3366ff;\" href=\"https:\/\/www.futboltotal.com.mx\/2016\/12\/pelaez-explota-contra-higuera\/\" target=\"_blank\">LEER M\u00c1S: Pel\u00e1ez explota tras las burlas de Higuera<\/a><\/span><\/p>\n<blockquote><p>&#8220;Hay que ir a cenar aunque a algunos el sushi y el cabrito les provoque diarrea&#8221;, fue el tuit que ocasion\u00f3 la molestia de la afici\u00f3n azulcrema.<\/p><\/blockquote>\n<p>Ricardo Pel\u00e1ez no se qued\u00f3 atr\u00e1s y tambi\u00e9n le respondi\u00f3 a Higuera de una forma poco esperada.<\/p>\n<blockquote><p>&#8220;Por ah\u00ed me ense\u00f1aron un tuit del gato de Vergara,\u00a0\u00bfc\u00f3mo se llama, Higareda\u2026?, que pone estupideces. Solo aviso que a trav\u00e9s de la Liga nos vamos a quejar de directivos porque se deber\u00eda jugar limpio en todos los sentidos\u201d, lanz\u00f3 el dirigente de los<em> Cremas<\/em>, quien agreg\u00f3: \u201cEl se\u00f1or no ha ganado absolutamente nada, es un pelagatos que no sirve para nada\u201d.<\/p><\/blockquote>\n<p>Esta ma\u00f1ana el directivo de Chivas public\u00f3 en su cuenta un tuit en donde ironizaba con las declaraciones de Ricardo Pel\u00e1ez, adem\u00e1s de que aprovech\u00f3 para contestarle a algunos de sus seguidores.<\/p>\n<p>&nbsp;<\/p>\n<blockquote class=\"twitter-tweet\" data-lang=\"es\">\n<p dir=\"ltr\" lang=\"es\">Buenos dias!!! Buena semana a todos los <a href=\"https:\/\/twitter.com\/Chivas\">@Chivas<\/a> y en especial a todos los pelagatos de este pais!! &#x1f602;&#x1f602;<\/p>\n<p>\u2014 Jose Luis Higuera (@JLHB33) <a href=\"https:\/\/twitter.com\/JLHB33\/status\/813750948921282562\">27 de diciembre de 2016<\/a><\/p><\/blockquote>\n<p><script async src=\"\/\/platform.twitter.com\/widgets.js\" charset=\"utf-8\"><\/script><\/p>\n<p>S\u00edguenos en Twitter: <a href=\"https:\/\/twitter.com\/MXFutbolTotal\" target=\"_blank\">@MXFutbolTotal<\/a><\/p>\n","protected":false},"excerpt":{"rendered":"<p>El CEO de Chivas no deja de generar controvesia. <\/p>\n","protected":false},"author":20,"featured_media":451176,"comment_status":"closed","ping_status":"closed","sticky":false,"template":"","format":"standard","meta":[],"categories":[5419,2198,3845],"tags":[5959,70,7368],"_links":{"self":[{"href":"http:\/\/desarrollo.grupomedios.com\/futbol\/wp-json\/wp\/v2\/posts\/451173"}],"collection":[{"href":"http:\/\/desarrollo.grupomedios.com\/futbol\/wp-json\/wp\/v2\/posts"}],"about":[{"href":"http:\/\/desarrollo.grupomedios.com\/futbol\/wp-json\/wp\/v2\/types\/post"}],"author":[{"embeddable":true,"href":"http:\/\/desarrollo.grupomedios.com\/futbol\/wp-json\/wp\/v2\/users\/20"}],"replies":[{"embeddable":true,"href":"http:\/\/desarrollo.grupomedios.com\/futbol\/wp-json\/wp\/v2\/comments?post=451173"}],"version-history":[{"count":0,"href":"http:\/\/desarrollo.grupomedios.com\/futbol\/wp-json\/wp\/v2\/posts\/451173\/revisions"}],"wp:featuredmedia":[{"embeddable":true,"href":"http:\/\/desarrollo.grupomedios.com\/futbol\/wp-json\/wp\/v2\/media\/451176"}],"wp:attachment":[{"href":"http:\/\/desarrollo.grupomedios.com\/futbol\/wp-json\/wp\/v2\/media?parent=451173"}],"wp:term":[{"taxonomy":"category","embeddable":true,"href":"http:\/\/desarrollo.grupomedios.com\/futbol\/wp-json\/wp\/v2\/categories?post=451173"},{"taxonomy":"post_tag","embeddable":true,"href":"http:\/\/desarrollo.grupomedios.com\/futbol\/wp-json\/wp\/v2\/tags?post=451173"}],"curies":[{"name":"wp","href":"https:\/\/api.w.org\/{rel}","templated":true}]}}