{"id":451193,"date":"2016-12-27T17:09:57","date_gmt":"2016-12-27T23:09:57","guid":{"rendered":"https:\/\/www.futboltotal.com.mx\/?p=451193"},"modified":"2016-12-27T17:09:57","modified_gmt":"2016-12-27T23:09:57","slug":"layun-envia-conmovedor-mensaje-a-moises","status":"publish","type":"post","link":"http:\/\/desarrollo.grupomedios.com\/futbol\/futbol-mexicano\/layun-envia-conmovedor-mensaje-a-moises\/2016\/12","title":{"rendered":"Lay\u00fan env\u00eda conmovedor mensaje a Mois\u00e9s"},"content":{"rendered":"<p>El defensa lateral del Porto y de la Selecci\u00f3n Mexicana mand\u00f3 un emotivo mensaje al que fuera su compa\u00f1ero en Am\u00e9rica por varios a\u00f1os.<\/p>\n<p>Miguel Lay\u00fan y Mois\u00e9s Mu\u00f1oz mantienen una amistad de las m\u00e1s famosas en el futbol mexicano. Lay\u00fan no dej\u00f3 pasar la oportunidad para desearle \u00e9xito a Mois\u00e9s en su nueva etapa fuera del Club Am\u00e9rica.<\/p>\n<p style=\"text-align: center;\"><span style=\"color: #3366ff;\"><a style=\"color: #3366ff;\" href=\"https:\/\/www.futboltotal.com.mx\/2016\/12\/fracaso-america-alivio-chivas-pulido\/\" target=\"_blank\">LEER M\u00c1S: Fracaso de Am\u00e9rica, un alivio para Chivas: Pulido<\/a><\/span><\/p>\n<p>https:\/\/twitter.com\/Miguel_layun\/status\/813846376694026241<\/p>\n<p>Ambos futbolistas fueron pieza importante para que Am\u00e9rica levantara el t\u00edtulo del Clausura 2013 ante Cruz Azul. Mu\u00f1oz colabor\u00f3 con el gol del empate ante la M\u00e1quina y Miguel fue el futbolista que meti\u00f3 el \u00faltimo penal que le dio el triunfo a las \u00c1guilas.<\/p>\n<p>S\u00edguenos en Twitter: <a href=\"https:\/\/twitter.com\/MXFutbolTotal\" target=\"_blank\">@MXFutbolTotal<\/a><\/p>\n","protected":false},"excerpt":{"rendered":"<p>Lay\u00fan le desea \u00e9xito a Mois\u00e9s en su nueva etapa. <\/p>\n","protected":false},"author":20,"featured_media":451195,"comment_status":"closed","ping_status":"closed","sticky":false,"template":"","format":"standard","meta":[],"categories":[5419,2198,3845],"tags":[5959,1035,635],"_links":{"self":[{"href":"http:\/\/desarrollo.grupomedios.com\/futbol\/wp-json\/wp\/v2\/posts\/451193"}],"collection":[{"href":"http:\/\/desarrollo.grupomedios.com\/futbol\/wp-json\/wp\/v2\/posts"}],"about":[{"href":"http:\/\/desarrollo.grupomedios.com\/futbol\/wp-json\/wp\/v2\/types\/post"}],"author":[{"embeddable":true,"href":"http:\/\/desarrollo.grupomedios.com\/futbol\/wp-json\/wp\/v2\/users\/20"}],"replies":[{"embeddable":true,"href":"http:\/\/desarrollo.grupomedios.com\/futbol\/wp-json\/wp\/v2\/comments?post=451193"}],"version-history":[{"count":0,"href":"http:\/\/desarrollo.grupomedios.com\/futbol\/wp-json\/wp\/v2\/posts\/451193\/revisions"}],"wp:featuredmedia":[{"embeddable":true,"href":"http:\/\/desarrollo.grupomedios.com\/futbol\/wp-json\/wp\/v2\/media\/451195"}],"wp:attachment":[{"href":"http:\/\/desarrollo.grupomedios.com\/futbol\/wp-json\/wp\/v2\/media?parent=451193"}],"wp:term":[{"taxonomy":"category","embeddable":true,"href":"http:\/\/desarrollo.grupomedios.com\/futbol\/wp-json\/wp\/v2\/categories?post=451193"},{"taxonomy":"post_tag","embeddable":true,"href":"http:\/\/desarrollo.grupomedios.com\/futbol\/wp-json\/wp\/v2\/tags?post=451193"}],"curies":[{"name":"wp","href":"https:\/\/api.w.org\/{rel}","templated":true}]}}