{"id":451240,"date":"2016-12-28T09:10:50","date_gmt":"2016-12-28T15:10:50","guid":{"rendered":"https:\/\/www.futboltotal.com.mx\/?p=451240"},"modified":"2016-12-28T09:38:39","modified_gmt":"2016-12-28T15:38:39","slug":"bombazo-gignac-al-america-rubens-y-darwin-a-tigres","status":"publish","type":"post","link":"http:\/\/desarrollo.grupomedios.com\/futbol\/destacado-home\/bombazo-gignac-al-america-rubens-y-darwin-a-tigres\/2016\/12","title":{"rendered":"BOMBAZO: Gignac al Am\u00e9rica; Rubens y Darwin a Tigres"},"content":{"rendered":"<p>Esta ma\u00f1ana se ha confirmado el intercambio de jugadores que el <strong>Club Am\u00e9rica<\/strong> y el actual campe\u00f3n de la<strong> Liga MX<\/strong> hicieron. <em>Las \u00c1guilas<\/em> anunciaron ayer que dos de sus figuras se encontraban transferibles, un hecho que despert\u00f3 el inter\u00e9s de la directiva de Tigres, sin embargo el cuadro <em>Azulcrema<\/em> ten\u00eda lista la propuesta que le ofrecer\u00eda a los Felinos.<\/p>\n<p><strong>Ricardo Pel\u00e1ez<\/strong> confirm\u00f3 que el flamante delantero franc\u00e9s <strong>Andr\u00e9-Pierre Gignac<\/strong>, es nuevo refuerzo americanista. <strong>Gignac<\/strong> llega al cuadro de Coapa a cambio de <strong>Rubens Sambueza y Darwin Quintero<\/strong> m\u00e1s una cantidad de dinero que no se ha revelado.<\/p>\n<p style=\"text-align: center;\"><span style=\"color: #3366ff;\"><a style=\"color: #3366ff;\" href=\"https:\/\/www.futboltotal.com.mx\/2016\/12\/oficial-moises-munoz-nuevo-jaguar\/\" target=\"_blank\">LEER M\u00c1S: OFICIAL: Mois\u00e9s Mu\u00f1oz es nuevo jaguar<\/a><\/span><\/p>\n<blockquote><p>&#8220;Estamos muy contentos con la llegada de <strong>Gignac<\/strong>, pero a la vez tristes por dejar ir a dos referentes del club&#8221; extern\u00f3 el directivo del <strong>Am\u00e9rica.\u00a0<\/strong><\/p><\/blockquote>\n<p><strong>Pel\u00e1ez<\/strong> tambi\u00e9n inform\u00f3 que este es el \u00faltimo refuerzo que tendr\u00e1n las <em>\u00c1guilas<\/em> de cara al pr\u00f3ximo torneo y que fue el mismo <strong>Ricardo La Volpe<\/strong> el que solicit\u00f3 la llegada del delantero internacional.<\/p>\n<blockquote><p><strong>&#8220;La Volpe<\/strong> quer\u00eda que llegara, lo sucedido en la final son calenturas del partido ahora \u00e9l (Gignac) es nuestro y est\u00e1 comprometido con el equipo&#8221; declar\u00f3 para los medios en las instalaciones de Coapa.<\/p><\/blockquote>\n<p>Para finalizar el director deportivo inform\u00f3 que <strong>Rubens y Darwin<\/strong> est\u00e1n felices de este nuevo reto y les ilusiona partir a un club que se ha convertido en protagonista en los \u00faltimos a\u00f1os.<\/p>\n<blockquote><p>&#8220;Hablamos con los jugadores y los dos estuvieron de acuerdo, tomaron la noticia de la mejor forma y se sienten agradecidos con el club&#8221; concluy\u00f3 <strong>Ricardo.<\/strong><\/p><\/blockquote>\n<p><strong>Crack, te recordamos que en este d\u00eda en nadie puedes confiar, inocente palomita que te dejaste enga\u00f1ar.<\/strong><\/p>\n<p><a href=\"https:\/\/www.futboltotal.com.mx\/wp-content\/uploads\/2016\/12\/bannerpalomita-1.jpg\"><img decoding=\"async\" loading=\"lazy\" class=\"alignnone size-full wp-image-451251\" src=\"https:\/\/www.futboltotal.com.mx\/wp-content\/uploads\/2016\/12\/bannerpalomita-1.jpg\" alt=\"bannerpalomita-1\" srcset=\"http:\/\/desarrollo.grupomedios.com\/futbol\/wp-content\/uploads\/2016\/12\/bannerpalomita-1.jpg 1136w, http:\/\/desarrollo.grupomedios.com\/futbol\/wp-content\/uploads\/2016\/12\/bannerpalomita-1-300x40.jpg 300w, http:\/\/desarrollo.grupomedios.com\/futbol\/wp-content\/uploads\/2016\/12\/bannerpalomita-1-768x101.jpg 768w, http:\/\/desarrollo.grupomedios.com\/futbol\/wp-content\/uploads\/2016\/12\/bannerpalomita-1-1024x135.jpg 1024w\" sizes=\"(max-width: 1136px) 100vw, 1136px\" \/><\/a><\/p>\n<p>S\u00edguenos en Twitter: <a href=\"https:\/\/twitter.com\/MXFutbolTotal\" target=\"_blank\">@MXFutbolTotal<\/a><\/p>\n","protected":false},"excerpt":{"rendered":"<p>Andr\u00e9-Piere Gignac es nuevo jugador del Am\u00e9rica. <\/p>\n","protected":false},"author":20,"featured_media":451245,"comment_status":"closed","ping_status":"closed","sticky":false,"template":"","format":"standard","meta":[],"categories":[5,2198,3845],"tags":[5959,5564,284,808,5973],"_links":{"self":[{"href":"http:\/\/desarrollo.grupomedios.com\/futbol\/wp-json\/wp\/v2\/posts\/451240"}],"collection":[{"href":"http:\/\/desarrollo.grupomedios.com\/futbol\/wp-json\/wp\/v2\/posts"}],"about":[{"href":"http:\/\/desarrollo.grupomedios.com\/futbol\/wp-json\/wp\/v2\/types\/post"}],"author":[{"embeddable":true,"href":"http:\/\/desarrollo.grupomedios.com\/futbol\/wp-json\/wp\/v2\/users\/20"}],"replies":[{"embeddable":true,"href":"http:\/\/desarrollo.grupomedios.com\/futbol\/wp-json\/wp\/v2\/comments?post=451240"}],"version-history":[{"count":0,"href":"http:\/\/desarrollo.grupomedios.com\/futbol\/wp-json\/wp\/v2\/posts\/451240\/revisions"}],"wp:featuredmedia":[{"embeddable":true,"href":"http:\/\/desarrollo.grupomedios.com\/futbol\/wp-json\/wp\/v2\/media\/451245"}],"wp:attachment":[{"href":"http:\/\/desarrollo.grupomedios.com\/futbol\/wp-json\/wp\/v2\/media?parent=451240"}],"wp:term":[{"taxonomy":"category","embeddable":true,"href":"http:\/\/desarrollo.grupomedios.com\/futbol\/wp-json\/wp\/v2\/categories?post=451240"},{"taxonomy":"post_tag","embeddable":true,"href":"http:\/\/desarrollo.grupomedios.com\/futbol\/wp-json\/wp\/v2\/tags?post=451240"}],"curies":[{"name":"wp","href":"https:\/\/api.w.org\/{rel}","templated":true}]}}