{"id":451253,"date":"2016-12-28T09:06:05","date_gmt":"2016-12-28T15:06:05","guid":{"rendered":"https:\/\/www.futboltotal.com.mx\/?p=451253"},"modified":"2016-12-28T09:07:53","modified_gmt":"2016-12-28T15:07:53","slug":"pistolero-suarez-maximo-goleador-del-2016","status":"publish","type":"post","link":"http:\/\/desarrollo.grupomedios.com\/futbol\/destacado-home\/pistolero-suarez-maximo-goleador-del-2016\/2016\/12","title":{"rendered":"El Pistolero Su\u00e1rez, m\u00e1ximo goleador del 2016"},"content":{"rendered":"<p>El barcelonista e internacional uruguayo Luis Su\u00e1rez es con 40 goles el m\u00e1ximo goleador mundial de 2016 anunci\u00f3 el Instituto de Historia y Estad\u00edstica de Futbol (IFFHS en ingl\u00e9s).<\/p>\n<p><strong>Su\u00e1rez<\/strong> logra este reconocimiento, en el que se computan los tantos marcados en liga en un a\u00f1o natural, por delante del internacional sueco Zlatan Ibrahimovic, que hizo 38 goles con el Paris Saint-Germain, y del argentino Gonzalo Higua\u00edn, que anot\u00f3 36 con el N\u00e1poles, seg\u00fan un comunicado del instituto.<\/p>\n<p style=\"text-align: center;\"><a href=\"https:\/\/www.futboltotal.com.mx\/2016\/12\/bombazo-gignac-al-america-rubens-y-darwin-a-tigres\/\"><span style=\"color: #3366ff;\">LEER M\u00c1S: BOMBAZO: Gignac al Am\u00e9rica; Rubens y Darwin a Tigres<\/span><\/a><\/p>\n<p>El madridista Cristiano Ronaldo qued\u00f3 situado en cuarta posici\u00f3n en esta clasificaci\u00f3n, con 35 dianas, seguido por el brasile\u00f1o Jonas (32), del Benfica; el israel\u00ed Eran Zahavi (31), del Maccabi Tel Aviv, y el polaco Robert Lewandowski (30), del Bayern de M\u00fanich.<\/p>\n<p>Se trata de la tercera ocasi\u00f3n en la que el delantero uruguayo se hace con este honor, que ha conseguido con tres equipos distintos y en tres ligas diferentes a lo largo de seis a\u00f1os, algo que ning\u00fan otro futbolista ha logrado, seg\u00fan los registros del IFFHS.<\/p>\n<p>La primera vez que <strong>Su\u00e1rez<\/strong> logr\u00f3 ser m\u00e1ximo goleador mundial fue en 2010, cuando vest\u00eda la camiseta del Ajax de \u00c1msterdam, y la siguiente se produjo en 2014, cuando se encontraba en el banquillo del Liverpool.<\/p>\n<p style=\"text-align: center;\"><a href=\"https:\/\/www.futboltotal.com.mx\/2016\/12\/tecnico-portugal-fernando-santos-elegido-mejor-2016\/\"><span style=\"color: #3366ff;\">LEER M\u00c1S: T\u00e9cnico de Portugal es elegido como el mejor de 2016<\/span><\/a><\/p>\n<p>Entre los jugadores que han logrado en dos ocasiones este galard\u00f3n se encuentran Ronaldo, que lo obtuvo en 2014 y 2015, el tambi\u00e9n barcelonista Lionel Messi, que lo gan\u00f3 en 2012 y 2013, y el ya exfutbolista brasile\u00f1o Mario Jardel, que lo logr\u00f3 en los a\u00f1os 1999 y 2000.<\/p>\n<p>Algo m\u00e1s abajo en la clasificaci\u00f3n del IFFHS se encuentran Messi, en el puesto d\u00e9cimo con 26 goles, y en el decimosexto, empatados con 24 tantos, est\u00e1n Neymar y Karim Benzema.<\/p>\n<p><span style=\"text-decoration: underline;\"><b>S\u00edguenos en <span id=\"m_-4646352635528781611goog_2054972132\"><\/span>Twitter <a href=\"https:\/\/twitter.com\/MXFutbolTotal\" target=\"_blank\" data-saferedirecturl=\"https:\/\/www.google.com\/url?hl=es&amp;q=https:\/\/twitter.com\/MXFutbolTotal&amp;source=gmail&amp;ust=1483020942329000&amp;usg=AFQjCNG2dd8U9926Q6X6RrfQHCh73CjkbQ\">@MXFutbolTotal<\/a><\/b><\/span><\/p>\n","protected":false},"excerpt":{"rendered":"<p>El artillero uruguayo ha sido distinguido por tercera ocasi\u00f3n en su carrera.<\/p>\n","protected":false},"author":144,"featured_media":449260,"comment_status":"closed","ping_status":"closed","sticky":false,"template":"","format":"standard","meta":[],"categories":[3841,5,3839,3844],"tags":[5984,6013,7901,701,3066,6016,6038,6059],"_links":{"self":[{"href":"http:\/\/desarrollo.grupomedios.com\/futbol\/wp-json\/wp\/v2\/posts\/451253"}],"collection":[{"href":"http:\/\/desarrollo.grupomedios.com\/futbol\/wp-json\/wp\/v2\/posts"}],"about":[{"href":"http:\/\/desarrollo.grupomedios.com\/futbol\/wp-json\/wp\/v2\/types\/post"}],"author":[{"embeddable":true,"href":"http:\/\/desarrollo.grupomedios.com\/futbol\/wp-json\/wp\/v2\/users\/144"}],"replies":[{"embeddable":true,"href":"http:\/\/desarrollo.grupomedios.com\/futbol\/wp-json\/wp\/v2\/comments?post=451253"}],"version-history":[{"count":0,"href":"http:\/\/desarrollo.grupomedios.com\/futbol\/wp-json\/wp\/v2\/posts\/451253\/revisions"}],"wp:featuredmedia":[{"embeddable":true,"href":"http:\/\/desarrollo.grupomedios.com\/futbol\/wp-json\/wp\/v2\/media\/449260"}],"wp:attachment":[{"href":"http:\/\/desarrollo.grupomedios.com\/futbol\/wp-json\/wp\/v2\/media?parent=451253"}],"wp:term":[{"taxonomy":"category","embeddable":true,"href":"http:\/\/desarrollo.grupomedios.com\/futbol\/wp-json\/wp\/v2\/categories?post=451253"},{"taxonomy":"post_tag","embeddable":true,"href":"http:\/\/desarrollo.grupomedios.com\/futbol\/wp-json\/wp\/v2\/tags?post=451253"}],"curies":[{"name":"wp","href":"https:\/\/api.w.org\/{rel}","templated":true}]}}