{"id":451272,"date":"2016-12-28T11:12:07","date_gmt":"2016-12-28T17:12:07","guid":{"rendered":"https:\/\/www.futboltotal.com.mx\/?p=451272"},"modified":"2016-12-28T11:12:07","modified_gmt":"2016-12-28T17:12:07","slug":"elias-hernandez-baja-leon","status":"publish","type":"post","link":"http:\/\/desarrollo.grupomedios.com\/futbol\/futbol-mexicano\/elias-hernandez-baja-leon\/2016\/12","title":{"rendered":"El\u00edas Hern\u00e1ndez es baja de Le\u00f3n"},"content":{"rendered":"<p>El mediocampista El\u00edas Hern\u00e1ndez sali\u00f3 lesionado en el juego de preparaci\u00f3n de Le\u00f3n ante Celaya, equipo al que enfrent\u00f3 en dos ocasiones, una 5-0 y en el segundo duelo 1-0.<\/p>\n<p>El\u00edas viene arrastrando una lesi\u00f3n en la rodilla que lo dej\u00f3 fuera de la Liguilla pasada ante Tijuana. Hern\u00e1ndez solo disput\u00f3 25 minutos en el duelo ante Toros de Celaya por decisi\u00f3n del entrenador.<\/p>\n<p style=\"text-align: center;\"><span style=\"color: #3366ff;\"><a style=\"color: #3366ff;\" href=\"https:\/\/www.futboltotal.com.mx\/2016\/12\/oficial-moises-munoz-nuevo-jaguar\/\" target=\"_blank\">LEER M\u00c1S: OFICIAL: Mois\u00e9s Mu\u00f1oz es nuevo Jaguar<\/a><\/span><\/p>\n<blockquote><p>\u201cAs\u00ed como est\u00e1 no le sirve a \u00e9l y no le sirve al equipo, el jugador est\u00e1 <strong>fuera del partido,<\/strong> est\u00e1 err\u00e1tico, lento, con cuestiones que hoy se vieron y que tuvo que pedir el cambio a los 25 minutos\u201d coment\u00f3 Javier Torrente.<\/p><\/blockquote>\n<p>El\u00edas estar\u00e1 fuera de 3 a 5 semanas si la lesi\u00f3n no es grave, sin embargo ser\u00e1 trasladado este mi\u00e9rcoles a Hidalgo\u00a0para ser evaluado por m\u00e9dicos de de Grupo Pachuca para saber si es necesario hacer cirug\u00eda, de ser as\u00ed el futbolista se perder\u00eda hasta 5 meses de actividad.<\/p>\n<p>Le\u00f3n tambi\u00e9n perdi\u00f3 en el juego ante Celaya a Hern\u00e1n Burbano, el colombiano solo estar\u00eda fuera para el arranque del torneo.<\/p>\n<p>S\u00edguenos en Twitter:<a href=\"https:\/\/twitter.com\/MXFutbolTotal\" target=\"_blank\"> @MXFutbolTotal<\/a><\/p>\n<p>&nbsp;<\/p>\n","protected":false},"excerpt":{"rendered":"<p>El futbolista podr\u00eda ser operado de la rodilla. <\/p>\n","protected":false},"author":20,"featured_media":451277,"comment_status":"closed","ping_status":"closed","sticky":false,"template":"","format":"standard","meta":[],"categories":[2198,3845],"tags":[332,5965],"_links":{"self":[{"href":"http:\/\/desarrollo.grupomedios.com\/futbol\/wp-json\/wp\/v2\/posts\/451272"}],"collection":[{"href":"http:\/\/desarrollo.grupomedios.com\/futbol\/wp-json\/wp\/v2\/posts"}],"about":[{"href":"http:\/\/desarrollo.grupomedios.com\/futbol\/wp-json\/wp\/v2\/types\/post"}],"author":[{"embeddable":true,"href":"http:\/\/desarrollo.grupomedios.com\/futbol\/wp-json\/wp\/v2\/users\/20"}],"replies":[{"embeddable":true,"href":"http:\/\/desarrollo.grupomedios.com\/futbol\/wp-json\/wp\/v2\/comments?post=451272"}],"version-history":[{"count":0,"href":"http:\/\/desarrollo.grupomedios.com\/futbol\/wp-json\/wp\/v2\/posts\/451272\/revisions"}],"wp:featuredmedia":[{"embeddable":true,"href":"http:\/\/desarrollo.grupomedios.com\/futbol\/wp-json\/wp\/v2\/media\/451277"}],"wp:attachment":[{"href":"http:\/\/desarrollo.grupomedios.com\/futbol\/wp-json\/wp\/v2\/media?parent=451272"}],"wp:term":[{"taxonomy":"category","embeddable":true,"href":"http:\/\/desarrollo.grupomedios.com\/futbol\/wp-json\/wp\/v2\/categories?post=451272"},{"taxonomy":"post_tag","embeddable":true,"href":"http:\/\/desarrollo.grupomedios.com\/futbol\/wp-json\/wp\/v2\/tags?post=451272"}],"curies":[{"name":"wp","href":"https:\/\/api.w.org\/{rel}","templated":true}]}}