{"id":451305,"date":"2016-12-28T12:45:45","date_gmt":"2016-12-28T18:45:45","guid":{"rendered":"https:\/\/www.futboltotal.com.mx\/?p=451305"},"modified":"2016-12-28T12:45:45","modified_gmt":"2016-12-28T18:45:45","slug":"christian-martinoli-primer-bombazo-de-televisa-rumbo-al-2017","status":"publish","type":"post","link":"http:\/\/desarrollo.grupomedios.com\/futbol\/cambio-de-juego\/christian-martinoli-primer-bombazo-de-televisa-rumbo-al-2017\/2016\/12","title":{"rendered":"Christian Martinoli, primer bombazo de Televisa rumbo al 2017"},"content":{"rendered":"<p><strong>Televisa<\/strong> empez\u00f3 un despido masivo desde noviembre, debido a la ca\u00edda de sus utilidades, el recorte total se estima en un 20 por ciento de los empleados totales que iniciaron el a\u00f1o; por esa situaci\u00f3n, el comentarista, Jorge Pietrasanta habr\u00eda decidido renunciar a la televisora. Pero en el lugar del narrador y del personal que ya dej\u00f3 de trabajar para la televisora, llega una nueva apuesta que le puede generar ganancias al consorcio: <strong>Christian Martinoli<\/strong>.<\/p>\n<p>Por varios a\u00f1os, <strong>Christian Martinoli<\/strong> ha tomado protagonismo por encima de Televisa, pero lo sobresaliente es que \u00e9l, tan solo en compa\u00f1\u00eda de Luis Garc\u00eda Postigo y Jorge Campos, pod\u00eda eclipsar a los m\u00faltiples narradores de la competencia.<\/p>\n<p style=\"text-align: center;\"><span style=\"color: #3366ff;\"><a style=\"color: #3366ff;\" href=\"https:\/\/www.futboltotal.com.mx\/2016\/12\/oficial-nery-castillo-nuevo-refuerzo-del-cruz-azul\/\" target=\"_blank\"><strong>LEER M\u00c1S: Nery Castillo, nuevo refuerzo del Cruz Azul<\/strong><\/a><\/span><\/p>\n<p>Por ello, la empresa m\u00e1s destacada de comunicaci\u00f3n en M\u00e9xico ha tomado la decisi\u00f3n de fichar al m\u00e1ximo exponente de TV Azteca Deportes, con el sueldo que ten\u00eda Javier Alarc\u00f3n; es decir, mayor a 130 mil pesos mensuales, pero para ello, <strong>Televisa<\/strong> despedir\u00e1 a otros dos de los principales narradores que posee, adem\u00e1s de Raoul el Pollo Ort\u00edz.<\/p>\n<p>La empresa analiza el fichaje de Luis Garc\u00eda Postigo y Jorge Campos, para completar el tridente popular en su alineaci\u00f3n; para ello despedir\u00eda a los comentaristas Arturo Rivera y Antonio de Vald\u00e9s, quien pasar\u00eda a convertirse en un empleado por fuera, quien solo colaborar\u00eda para transmisiones de la Serie Mundial o el Super Bowl, aunque el titular en el asunto seguir\u00eda siendo Enrique Burak.<\/p>\n<p><strong>Crack, te recordamos que en este d\u00eda en nadie puedes confiar, inocente palomita que te dejaste enga\u00f1ar.<\/strong><\/p>\n<p><a href=\"https:\/\/www.futboltotal.com.mx\/wp-content\/uploads\/2016\/12\/bannerpalomita-1-1.jpg\"><img decoding=\"async\" loading=\"lazy\" class=\"alignnone size-full wp-image-451307\" src=\"https:\/\/www.futboltotal.com.mx\/wp-content\/uploads\/2016\/12\/bannerpalomita-1-1.jpg\" alt=\"bannerpalomita-1\" srcset=\"http:\/\/desarrollo.grupomedios.com\/futbol\/wp-content\/uploads\/2016\/12\/bannerpalomita-1-1.jpg 1136w, http:\/\/desarrollo.grupomedios.com\/futbol\/wp-content\/uploads\/2016\/12\/bannerpalomita-1-1-300x40.jpg 300w, http:\/\/desarrollo.grupomedios.com\/futbol\/wp-content\/uploads\/2016\/12\/bannerpalomita-1-1-768x101.jpg 768w, http:\/\/desarrollo.grupomedios.com\/futbol\/wp-content\/uploads\/2016\/12\/bannerpalomita-1-1-1024x135.jpg 1024w\" sizes=\"(max-width: 1136px) 100vw, 1136px\" \/><\/a><\/p>\n<p><strong>S\u00edguenos en Twitter:<\/strong> <a href=\"https:\/\/twitter.com\/MXFutbolTotal\" target=\"_blank\">@MXFutbolTotal<\/a><\/p>\n","protected":false},"excerpt":{"rendered":"<p>Con la salida de Jorge Pietrasanta, la Martina cambia de camiseta.<\/p>\n","protected":false},"author":20,"featured_media":451308,"comment_status":"closed","ping_status":"closed","sticky":false,"template":"","format":"standard","meta":[],"categories":[5419],"tags":[5460,5849,4722],"_links":{"self":[{"href":"http:\/\/desarrollo.grupomedios.com\/futbol\/wp-json\/wp\/v2\/posts\/451305"}],"collection":[{"href":"http:\/\/desarrollo.grupomedios.com\/futbol\/wp-json\/wp\/v2\/posts"}],"about":[{"href":"http:\/\/desarrollo.grupomedios.com\/futbol\/wp-json\/wp\/v2\/types\/post"}],"author":[{"embeddable":true,"href":"http:\/\/desarrollo.grupomedios.com\/futbol\/wp-json\/wp\/v2\/users\/20"}],"replies":[{"embeddable":true,"href":"http:\/\/desarrollo.grupomedios.com\/futbol\/wp-json\/wp\/v2\/comments?post=451305"}],"version-history":[{"count":0,"href":"http:\/\/desarrollo.grupomedios.com\/futbol\/wp-json\/wp\/v2\/posts\/451305\/revisions"}],"wp:featuredmedia":[{"embeddable":true,"href":"http:\/\/desarrollo.grupomedios.com\/futbol\/wp-json\/wp\/v2\/media\/451308"}],"wp:attachment":[{"href":"http:\/\/desarrollo.grupomedios.com\/futbol\/wp-json\/wp\/v2\/media?parent=451305"}],"wp:term":[{"taxonomy":"category","embeddable":true,"href":"http:\/\/desarrollo.grupomedios.com\/futbol\/wp-json\/wp\/v2\/categories?post=451305"},{"taxonomy":"post_tag","embeddable":true,"href":"http:\/\/desarrollo.grupomedios.com\/futbol\/wp-json\/wp\/v2\/tags?post=451305"}],"curies":[{"name":"wp","href":"https:\/\/api.w.org\/{rel}","templated":true}]}}