{"id":451440,"date":"2016-12-30T10:04:59","date_gmt":"2016-12-30T16:04:59","guid":{"rendered":"https:\/\/www.futboltotal.com.mx\/?p=451440"},"modified":"2016-12-30T10:04:59","modified_gmt":"2016-12-30T16:04:59","slug":"cristiano-ronaldo-y-navas-destacan-buen-ano-del-real-madrid","status":"publish","type":"post","link":"http:\/\/desarrollo.grupomedios.com\/futbol\/futbol-internacional\/cristiano-ronaldo-y-navas-destacan-buen-ano-del-real-madrid\/2016\/12","title":{"rendered":"Cristiano y Navas destacan buen a\u00f1o merengue"},"content":{"rendered":"<p><strong>Cristiano Ronaldo<\/strong>, futbolista del Real Madrid, asegur\u00f3 este viernes que vivi\u00f3 un a\u00f1o de &#8220;ensue\u00f1o&#8221; y afirm\u00f3 que espera que 2017 tambi\u00e9n sea &#8220;inolvidable&#8221; tanto a nivel individual como &#8220;colectivo&#8221;.<\/p>\n<p>El jugador portugu\u00e9s atendi\u00f3 a los medios oficiales del club madridista tras completar un entrenamiento a puerta abierta ante seis mil espectadores, a quienes quiso dar las gracias por su presencia en el estadio Alfredo Di St\u00e9fano de la Ciudad Deportiva de Valdebebas.<\/p>\n<p style=\"text-align: center;\"><a href=\"https:\/\/www.futboltotal.com.mx\/2016\/12\/ochoa-granada-mucha-atencion-ante-real-madrid\/\"><span style=\"color: #3366ff;\">LEER M\u00c1S: Ochoa y Granada, con mucha atenci\u00f3n ante el Madrid<\/span><\/a><\/p>\n<p>&#8220;Agradecemos a la afici\u00f3n, que siempre est\u00e1 ah\u00ed y siempre cree en nosotros. Muchas gracias por venir hoy al entrenamiento. Ha sido un a\u00f1o de ensue\u00f1o, tanto en el Real Madrid como en la selecci\u00f3n; un a\u00f1o inolvidable a nivel individual y colectivo. Estoy muy contento. Espero que 2017 sea un a\u00f1o igual y repleto de muchos t\u00edtulos y alegr\u00edas&#8221;, dijo <strong>Cristiano Ronaldo<\/strong>.<\/p>\n<p>Tambi\u00e9n habl\u00f3 el portero costarricense Keylor Navas, que calific\u00f3 la sesi\u00f3n de trabajo como &#8220;un d\u00eda muy bonito&#8221; tanto para los jugadores como para los aficionados.<\/p>\n<p>&#8220;Es una alegr\u00eda ver a tanta gente y a tantos ni\u00f1os. Nos motivan a seguir trabajando d\u00eda a d\u00eda y es de agradecer. Gracias a Dios conseguimos estos tres t\u00edtulos este a\u00f1o y son recuerdos muy lindos que van a estar ah\u00ed siempre. Ahora vamos a seguir trabajando fuerte para lograr muchos m\u00e1s t\u00edtulos&#8221;, coment\u00f3.<\/p>\n<p style=\"text-align: center;\"><a href=\"https:\/\/www.futboltotal.com.mx\/2016\/12\/los-futbolistas-se-retiraron-este-ano\/\"><span style=\"color: #3366ff;\">LEER M\u00c1S: Los futbolistas que se retiraron este a\u00f1o<\/span><\/a><\/p>\n<p>Adem\u00e1s, tambi\u00e9n pidi\u00f3 un a\u00f1o lleno de &#8220;salud&#8221; para todos y destac\u00f3 que el Real Madrid trabajar\u00e1 &#8220;fuerte&#8221; y con &#8220;humildad&#8221; para ganar t\u00edtulos. \u00b7Estamos con muchas ganas de afrontar los partidos que vienen&#8221;, concluy\u00f3.<\/p>\n<p><b>S\u00edguenos en <span id=\"m_3388952642958510970goog_2054972132\"><\/span>Twitter <a href=\"https:\/\/twitter.com\/MXFutbolTotal\" target=\"_blank\" data-saferedirecturl=\"https:\/\/www.google.com\/url?hl=es&amp;q=https:\/\/twitter.com\/MXFutbolTotal&amp;source=gmail&amp;ust=1483198818000000&amp;usg=AFQjCNGh8ymJrTlmTSuGFFfw9dCRiRtygA\">@MXFutbolTotal<\/a><\/b><\/p>\n","protected":false},"excerpt":{"rendered":"<p>CR7 fue campe\u00f3n de la Champions League con el Real Madrid y de Europa con Portugal.<\/p>\n","protected":false},"author":144,"featured_media":441284,"comment_status":"closed","ping_status":"closed","sticky":false,"template":"","format":"standard","meta":[],"categories":[3839,3844,5951],"tags":[6013,5590,715,5988],"_links":{"self":[{"href":"http:\/\/desarrollo.grupomedios.com\/futbol\/wp-json\/wp\/v2\/posts\/451440"}],"collection":[{"href":"http:\/\/desarrollo.grupomedios.com\/futbol\/wp-json\/wp\/v2\/posts"}],"about":[{"href":"http:\/\/desarrollo.grupomedios.com\/futbol\/wp-json\/wp\/v2\/types\/post"}],"author":[{"embeddable":true,"href":"http:\/\/desarrollo.grupomedios.com\/futbol\/wp-json\/wp\/v2\/users\/144"}],"replies":[{"embeddable":true,"href":"http:\/\/desarrollo.grupomedios.com\/futbol\/wp-json\/wp\/v2\/comments?post=451440"}],"version-history":[{"count":0,"href":"http:\/\/desarrollo.grupomedios.com\/futbol\/wp-json\/wp\/v2\/posts\/451440\/revisions"}],"wp:featuredmedia":[{"embeddable":true,"href":"http:\/\/desarrollo.grupomedios.com\/futbol\/wp-json\/wp\/v2\/media\/441284"}],"wp:attachment":[{"href":"http:\/\/desarrollo.grupomedios.com\/futbol\/wp-json\/wp\/v2\/media?parent=451440"}],"wp:term":[{"taxonomy":"category","embeddable":true,"href":"http:\/\/desarrollo.grupomedios.com\/futbol\/wp-json\/wp\/v2\/categories?post=451440"},{"taxonomy":"post_tag","embeddable":true,"href":"http:\/\/desarrollo.grupomedios.com\/futbol\/wp-json\/wp\/v2\/tags?post=451440"}],"curies":[{"name":"wp","href":"https:\/\/api.w.org\/{rel}","templated":true}]}}