{"id":451553,"date":"2016-12-31T08:41:06","date_gmt":"2016-12-31T14:41:06","guid":{"rendered":"https:\/\/www.futboltotal.com.mx\/?p=451553"},"modified":"2016-12-31T09:08:27","modified_gmt":"2016-12-31T15:08:27","slug":"personajes-del-futbol-que-murieron-en-2016","status":"publish","type":"post","link":"http:\/\/desarrollo.grupomedios.com\/futbol\/videos\/personajes-del-futbol-que-murieron-en-2016\/2016\/12","title":{"rendered":"Personajes del futbol que murieron en 2016"},"content":{"rendered":"<p>Nos encontramos en v\u00edsperas del inicio del 2017, por eso es hora de dejar atr\u00e1s lo ocurrido en 2016. En ese tenor, dejamos para el \u00faltimo d\u00eda del a\u00f1o uno de los recuentos m\u00e1s tristes: los fallecimientos. Hacemos menci\u00f3n especial para los futbolistas del Chapecoense, quienes perecieron en un tr\u00e1gico accidente a finales de noviembre.<\/p>\n<p>[video_player]https:\/\/player.vimeo.com\/external\/197553619.hd.mp4?s=7fe5aabed95bd1549038a6a9a0bbeecdb0b00cdf&amp;profile_id=174|wide[\/video_player]<\/p>\n<p>S\u00edguenos en Twitter: <a href=\"http:\/\/twitter.com\/MXFutbolTotal\" target=\"_blank\">@MXFutbolTotal<\/a><\/p>\n","protected":false},"excerpt":{"rendered":"<p>Estos jugadores, \u00e1rbitros y directivos partieron en el a\u00f1o.<\/p>\n","protected":false},"author":20,"featured_media":451555,"comment_status":"closed","ping_status":"closed","sticky":false,"template":"","format":"standard","meta":[],"categories":[5,3839,2198,4],"tags":[7919,4322,6790,7920],"_links":{"self":[{"href":"http:\/\/desarrollo.grupomedios.com\/futbol\/wp-json\/wp\/v2\/posts\/451553"}],"collection":[{"href":"http:\/\/desarrollo.grupomedios.com\/futbol\/wp-json\/wp\/v2\/posts"}],"about":[{"href":"http:\/\/desarrollo.grupomedios.com\/futbol\/wp-json\/wp\/v2\/types\/post"}],"author":[{"embeddable":true,"href":"http:\/\/desarrollo.grupomedios.com\/futbol\/wp-json\/wp\/v2\/users\/20"}],"replies":[{"embeddable":true,"href":"http:\/\/desarrollo.grupomedios.com\/futbol\/wp-json\/wp\/v2\/comments?post=451553"}],"version-history":[{"count":0,"href":"http:\/\/desarrollo.grupomedios.com\/futbol\/wp-json\/wp\/v2\/posts\/451553\/revisions"}],"wp:featuredmedia":[{"embeddable":true,"href":"http:\/\/desarrollo.grupomedios.com\/futbol\/wp-json\/wp\/v2\/media\/451555"}],"wp:attachment":[{"href":"http:\/\/desarrollo.grupomedios.com\/futbol\/wp-json\/wp\/v2\/media?parent=451553"}],"wp:term":[{"taxonomy":"category","embeddable":true,"href":"http:\/\/desarrollo.grupomedios.com\/futbol\/wp-json\/wp\/v2\/categories?post=451553"},{"taxonomy":"post_tag","embeddable":true,"href":"http:\/\/desarrollo.grupomedios.com\/futbol\/wp-json\/wp\/v2\/tags?post=451553"}],"curies":[{"name":"wp","href":"https:\/\/api.w.org\/{rel}","templated":true}]}}