{"id":451629,"date":"2017-01-01T15:10:07","date_gmt":"2017-01-01T21:10:07","guid":{"rendered":"https:\/\/www.futboltotal.com.mx\/?p=451629"},"modified":"2017-01-02T14:08:57","modified_gmt":"2017-01-02T20:08:57","slug":"carlos-vela-interesa-a-grande-francia","status":"publish","type":"post","link":"http:\/\/desarrollo.grupomedios.com\/futbol\/destacado-home\/carlos-vela-interesa-a-grande-francia\/2017\/01","title":{"rendered":"Carlos Vela interesa a un grande de Francia"},"content":{"rendered":"<p>Est\u00e1 por arrancar el mercado de fichajes en Europa y los rumores comienzan a salir a la luz, ahora el involucrado es <strong>Carlos Vela,<\/strong> jugador que seg\u00fan la prensa francesa interesa al <strong>Olympique de Lyon.<\/strong><\/p>\n<p><strong>Vela<\/strong> pasa por un gran momento con la <strong>Real Sociedad<\/strong> y es por eso que es buscado por el club franc\u00e9s, ya que no contar\u00e1 en un tiempo con sus delanteros titulares, pues Lacazatte se encuentra lesionado y Ghezzal, jugador que viajar\u00e1 con Argelia para disputar la Copa Africana de Naciones.<\/p>\n<p style=\"text-align: center;\"><span style=\"color: #3366ff;\"><a style=\"color: #3366ff;\" href=\"https:\/\/www.futboltotal.com.mx\/2017\/01\/raul-jimenez-pretendido-por-gigante-inglaterra\/\" target=\"_blank\">LEER M\u00c1S: Ra\u00fal Jim\u00e9nez es pretendido por un gigante de Inglaterra<\/a><\/span><\/p>\n<p style=\"text-align: left;\">Informa el diario\u00a0<strong>L\u2019Equipe&#8217;<\/strong>, que\u00a0Florian Maurice, encargado de los fichajes del club, ha seguido muy de cerca el accionar del mexicano y estar\u00eda interesado en ficharlo.<\/p>\n<p style=\"text-align: left;\">El delantero de la <strong>Real Sociedad<\/strong> lleva cuatro goles y cuatro asistencias en la presente temporada en Espa\u00f1a y a\u00fan tiene contrato con su equipo hasta el 2018.<\/p>\n<p style=\"text-align: left;\">S\u00edguenos en Twitter: <a href=\"https:\/\/twitter.com\/MXFutbolTotal\" target=\"_blank\">@MXFutbolTotal<\/a><\/p>\n","protected":false},"excerpt":{"rendered":"<p>&#8216;La Hiena&#8217; jugar\u00eda para el Lyon.<\/p>\n","protected":false},"author":20,"featured_media":451630,"comment_status":"closed","ping_status":"closed","sticky":false,"template":"","format":"standard","meta":[],"categories":[5,7740,3839,3844,7521],"tags":[6048,2334],"_links":{"self":[{"href":"http:\/\/desarrollo.grupomedios.com\/futbol\/wp-json\/wp\/v2\/posts\/451629"}],"collection":[{"href":"http:\/\/desarrollo.grupomedios.com\/futbol\/wp-json\/wp\/v2\/posts"}],"about":[{"href":"http:\/\/desarrollo.grupomedios.com\/futbol\/wp-json\/wp\/v2\/types\/post"}],"author":[{"embeddable":true,"href":"http:\/\/desarrollo.grupomedios.com\/futbol\/wp-json\/wp\/v2\/users\/20"}],"replies":[{"embeddable":true,"href":"http:\/\/desarrollo.grupomedios.com\/futbol\/wp-json\/wp\/v2\/comments?post=451629"}],"version-history":[{"count":0,"href":"http:\/\/desarrollo.grupomedios.com\/futbol\/wp-json\/wp\/v2\/posts\/451629\/revisions"}],"wp:featuredmedia":[{"embeddable":true,"href":"http:\/\/desarrollo.grupomedios.com\/futbol\/wp-json\/wp\/v2\/media\/451630"}],"wp:attachment":[{"href":"http:\/\/desarrollo.grupomedios.com\/futbol\/wp-json\/wp\/v2\/media?parent=451629"}],"wp:term":[{"taxonomy":"category","embeddable":true,"href":"http:\/\/desarrollo.grupomedios.com\/futbol\/wp-json\/wp\/v2\/categories?post=451629"},{"taxonomy":"post_tag","embeddable":true,"href":"http:\/\/desarrollo.grupomedios.com\/futbol\/wp-json\/wp\/v2\/tags?post=451629"}],"curies":[{"name":"wp","href":"https:\/\/api.w.org\/{rel}","templated":true}]}}