{"id":451658,"date":"2017-01-02T09:06:52","date_gmt":"2017-01-02T15:06:52","guid":{"rendered":"https:\/\/www.futboltotal.com.mx\/?p=451658"},"modified":"2017-01-02T09:06:52","modified_gmt":"2017-01-02T15:06:52","slug":"jose-luis-higuera-se-describe-pelagatos","status":"publish","type":"post","link":"http:\/\/desarrollo.grupomedios.com\/futbol\/futbol-mexicano\/jose-luis-higuera-se-describe-pelagatos\/2017\/01","title":{"rendered":"Jos\u00e9 Luis Higuera se describe como un &#8220;pelagatos&#8221;"},"content":{"rendered":"<p>El CEO de Chivas sigue ironizando respecto a las declaraciones de Ricardo Pel\u00e1ez. El directivo fue parte de una serie de declaraciones junto al ex futbolista y actual director deportivo del Club Am\u00e9rica.<\/p>\n<p>Higuera public\u00f3 el pasado domingo un tuit en donde exhortaba a las personas a ir a cenar, pero aclarando que a algunos el cabrito y el sushi les hac\u00eda da\u00f1o, esto lo realiz\u00f3 en forma de burla luego de que Am\u00e9rica perdiera la final.<\/p>\n<p style=\"text-align: center;\"><span style=\"color: #3366ff;\"><a style=\"color: #3366ff;\" href=\"https:\/\/www.futboltotal.com.mx\/2017\/01\/america-mejor-club-mexicano-en-ranking-mundial\/\" target=\"_blank\">LEER M\u00c1S: Am\u00e9rica, mejor club mexicano en el ranking mundial<\/a><\/span><\/p>\n<p>Pel\u00e1ez no se pudo contener y al ser entrevistado coment\u00f3 que le acababan de ense\u00f1ar el famoso tuit, por lo que llam\u00f3 &#8220;pelagatos de Vergara&#8221; a Jos\u00e9 Higuera.<\/p>\n<p>Posteriormente Jos\u00e9 Luis pidi\u00f3 una disculpa a la afici\u00f3n americanista, pero continuo ironizando con las declaraciones de Ricardo Pel\u00e1ez, actualmente el CEO de Chivas modific\u00f3 su perfil de Twitter en donde se asume como un &#8220;pelagatos&#8221;.<\/p>\n<blockquote><p>&#8220;CEO y &#8220;Pelagatos&#8221; de Grupo Omnilife Chivas. Esta cuenta es personal y mis comentarios no representan o constituyen opinion o posici\u00f3n de ninguna Instituci\u00f3n&#8221;, aparece en la descripci\u00f3n del directivo.<\/p><\/blockquote>\n<p><a href=\"https:\/\/www.futboltotal.com.mx\/wp-content\/uploads\/2017\/01\/Screen-Shot-2017-01-02-at-9.00.39-AM.png\"><img decoding=\"async\" loading=\"lazy\" class=\"alignnone wp-image-451659 size-full\" src=\"https:\/\/www.futboltotal.com.mx\/wp-content\/uploads\/2017\/01\/Screen-Shot-2017-01-02-at-9.00.39-AM.png\" alt=\"screen-shot-2017-01-02-at-9-00-39-am\" srcset=\"http:\/\/desarrollo.grupomedios.com\/futbol\/wp-content\/uploads\/2017\/01\/Screen-Shot-2017-01-02-at-9.00.39-AM.png 292w, http:\/\/desarrollo.grupomedios.com\/futbol\/wp-content\/uploads\/2017\/01\/Screen-Shot-2017-01-02-at-9.00.39-AM-168x300.png 168w\" sizes=\"(max-width: 292px) 100vw, 292px\" \/><\/a><\/p>\n<p>S\u00edguenos en Twitter: <a href=\"https:\/\/twitter.com\/MXFutbolTotal\" target=\"_blank\">@MXFutbolTotal<\/a><\/p>\n","protected":false},"excerpt":{"rendered":"<p>Higuera sigue causando pol\u00e9mica por las declaraciones de Pel\u00e1ez. <\/p>\n","protected":false},"author":20,"featured_media":451660,"comment_status":"closed","ping_status":"closed","sticky":false,"template":"","format":"standard","meta":[],"categories":[5419,2198,3845],"tags":[7368],"_links":{"self":[{"href":"http:\/\/desarrollo.grupomedios.com\/futbol\/wp-json\/wp\/v2\/posts\/451658"}],"collection":[{"href":"http:\/\/desarrollo.grupomedios.com\/futbol\/wp-json\/wp\/v2\/posts"}],"about":[{"href":"http:\/\/desarrollo.grupomedios.com\/futbol\/wp-json\/wp\/v2\/types\/post"}],"author":[{"embeddable":true,"href":"http:\/\/desarrollo.grupomedios.com\/futbol\/wp-json\/wp\/v2\/users\/20"}],"replies":[{"embeddable":true,"href":"http:\/\/desarrollo.grupomedios.com\/futbol\/wp-json\/wp\/v2\/comments?post=451658"}],"version-history":[{"count":0,"href":"http:\/\/desarrollo.grupomedios.com\/futbol\/wp-json\/wp\/v2\/posts\/451658\/revisions"}],"wp:featuredmedia":[{"embeddable":true,"href":"http:\/\/desarrollo.grupomedios.com\/futbol\/wp-json\/wp\/v2\/media\/451660"}],"wp:attachment":[{"href":"http:\/\/desarrollo.grupomedios.com\/futbol\/wp-json\/wp\/v2\/media?parent=451658"}],"wp:term":[{"taxonomy":"category","embeddable":true,"href":"http:\/\/desarrollo.grupomedios.com\/futbol\/wp-json\/wp\/v2\/categories?post=451658"},{"taxonomy":"post_tag","embeddable":true,"href":"http:\/\/desarrollo.grupomedios.com\/futbol\/wp-json\/wp\/v2\/tags?post=451658"}],"curies":[{"name":"wp","href":"https:\/\/api.w.org\/{rel}","templated":true}]}}