{"id":451686,"date":"2017-01-02T13:21:00","date_gmt":"2017-01-02T19:21:00","guid":{"rendered":"https:\/\/www.futboltotal.com.mx\/?p=451686"},"modified":"2017-01-02T13:21:22","modified_gmt":"2017-01-02T19:21:22","slug":"chivas-se-prepara-barcelona-del-futbol-mexicano","status":"publish","type":"post","link":"http:\/\/desarrollo.grupomedios.com\/futbol\/destacado-home\/chivas-se-prepara-barcelona-del-futbol-mexicano\/2017\/01","title":{"rendered":"Chivas se prepara para ser el Barcelona del futbol mexicano"},"content":{"rendered":"<p>As\u00ed lo asegura Jorge Vergara, propietario de las <strong>Chivas<\/strong>.\u00a0El Reba\u00f1o ha puesto\u00a0en marcha un proyecto integral de fuerzas b\u00e1sicas que est\u00e9 a la par de lo que en los \u00faltimos a\u00f1os realiz\u00f3 el Barcelona.<\/p>\n<p>En entrevista para el diario R\u00e9cord, el directivo rojiblanco que el objetivo del club es hacer una especie de Mas\u00eda, el centro formativo barcelonista del que tantas figuras del futbol han surgido, y que ayudar\u00eda a los tapat\u00edos a reafirmar e internacionalizar\u00a0su etiqueta de club formador de talentos en M\u00e9xico, as\u00ed como ya no tener que voltear a otros clubes para fichar figuras\u00a0a elevados costos.<\/p>\n<p>&#8220;Por el estilo vamos como el Barcelona. Todav\u00eda no tenemos el reconocimiento mundial que tiene La Mas\u00eda, pero si ves la cantidad que tenemos ahorita de j\u00f3venes es impresionante y ahorita van todos en proceso de mostrar su talento y capacidad, y seguro muy pronto daremos de qu\u00e9 hablar&#8221;, asegur\u00f3 el due\u00f1o del Chiver\u00edo.<\/p>\n<p><a href=\"https:\/\/www.futboltotal.com.mx\/2017\/01\/oscar-perez-podria-aplazar-fecha-retiro\/\">LEER M\u00c1S: CONEJO P\u00c9REZ PODR\u00cdA APLAZAR SU FECHA DE RETIRO<\/a><\/p>\n<p>Como parte del proyecto que ya inici\u00f3 Chivas, se encuentra la creaci\u00f3n de su propio Centro de Alto Rendimiento, una idea que resulta ambiciosa, pero que para poder verse cristalizada con resultados adecuados se basa en lo hecho por clubes de \u00e9lite mundial.<\/p>\n<p>&#8220;Creemos en los mexicanos al cien por ciento y la creaci\u00f3n de este Centro es para crear un ambiente de excelencia porque la gente que est\u00e1 rodeada de esto tiene mucho \u00e9xito en la vida. Va a ser un proyecto de buen nivel, estamos cultivando informaci\u00f3n de todo el mundo para tener el mejor Centro de Alto Rendimiento para fuerzas b\u00e1sicas y para primer equipo&#8221;, a\u00f1adi\u00f3 Vergara Madrigal.<\/p>\n<p><a href=\"https:\/\/www.futboltotal.com.mx\/2017\/01\/insisten-francia-andy-delort-dejar-tigres\/\">LEER M\u00c1S: INSISTEN EN FRANCIA, ANDY DELORT PODR\u00cdA DEJAR TIGRES<\/a><\/p>\n","protected":false},"excerpt":{"rendered":"<p>El Reba\u00f1o ha puesto en marcha la creaci\u00f3n de una Mas\u00eda similar a la del equipo &#8216;cul\u00e9&#8217;.<\/p>\n","protected":false},"author":20,"featured_media":451688,"comment_status":"closed","ping_status":"closed","sticky":false,"template":"","format":"standard","meta":[],"categories":[5,2198,3845],"tags":[5984,70,5963,2291,64,5030,1953],"_links":{"self":[{"href":"http:\/\/desarrollo.grupomedios.com\/futbol\/wp-json\/wp\/v2\/posts\/451686"}],"collection":[{"href":"http:\/\/desarrollo.grupomedios.com\/futbol\/wp-json\/wp\/v2\/posts"}],"about":[{"href":"http:\/\/desarrollo.grupomedios.com\/futbol\/wp-json\/wp\/v2\/types\/post"}],"author":[{"embeddable":true,"href":"http:\/\/desarrollo.grupomedios.com\/futbol\/wp-json\/wp\/v2\/users\/20"}],"replies":[{"embeddable":true,"href":"http:\/\/desarrollo.grupomedios.com\/futbol\/wp-json\/wp\/v2\/comments?post=451686"}],"version-history":[{"count":0,"href":"http:\/\/desarrollo.grupomedios.com\/futbol\/wp-json\/wp\/v2\/posts\/451686\/revisions"}],"wp:featuredmedia":[{"embeddable":true,"href":"http:\/\/desarrollo.grupomedios.com\/futbol\/wp-json\/wp\/v2\/media\/451688"}],"wp:attachment":[{"href":"http:\/\/desarrollo.grupomedios.com\/futbol\/wp-json\/wp\/v2\/media?parent=451686"}],"wp:term":[{"taxonomy":"category","embeddable":true,"href":"http:\/\/desarrollo.grupomedios.com\/futbol\/wp-json\/wp\/v2\/categories?post=451686"},{"taxonomy":"post_tag","embeddable":true,"href":"http:\/\/desarrollo.grupomedios.com\/futbol\/wp-json\/wp\/v2\/tags?post=451686"}],"curies":[{"name":"wp","href":"https:\/\/api.w.org\/{rel}","templated":true}]}}