{"id":451710,"date":"2017-01-02T15:14:36","date_gmt":"2017-01-02T21:14:36","guid":{"rendered":"https:\/\/www.futboltotal.com.mx\/?p=451710"},"modified":"2017-01-02T15:14:36","modified_gmt":"2017-01-02T21:14:36","slug":"jorge-vergara-regano-a-higuera-se-paso-ese-no-es-mi-estilo","status":"publish","type":"post","link":"http:\/\/desarrollo.grupomedios.com\/futbol\/destacado-home\/jorge-vergara-regano-a-higuera-se-paso-ese-no-es-mi-estilo\/2017\/01","title":{"rendered":"Jorge Vergara rega\u00f1\u00f3 a Higuera: &#8220;Se pas\u00f3, ese no es mi estilo&#8221;"},"content":{"rendered":"<p>Las constantes pol\u00e9micas declaraciones de Jos\u00e9 Luis <strong>Higuera<\/strong> finalmente han generado consecuencias al interior de <strong>Chivas,<\/strong> esta vez siendo el propio due\u00f1o del club, Jorge <strong>Vergara<\/strong>, quien reprueba el proceder del directivo.<\/p>\n<p>Adem\u00e1s de sus publicaciones en Twitter levantando \u00e1mpula en torno a posibles fichajes para el Reba\u00f1o, el CEO de Grupo Omnilife se burl\u00f3 de los \u00faltimos resultados del Am\u00e9rica en su a\u00f1o de Centenario, lo que molest\u00f3 a seguidores tanto de Am\u00e9rica y hasta de las mismas Chivas, as\u00ed como del <a href=\"https:\/\/www.futboltotal.com.mx\/2016\/12\/pelaez-explota-contra-higuera\/\">Presidente Deportivo azulcrema Ricardo Pel\u00e1ez<\/a>.<\/p>\n<p>&nbsp;<\/p>\n<p><a href=\"https:\/\/www.futboltotal.com.mx\/2016\/12\/higuera-se-retracta-pide-disculpas-americanistas\/\">LEER M\u00c1S: HIGUERA SE RETRACTA Y PIDE DISCULPAS A AMERICANISTAS<\/a><\/p>\n<p>Por ello, en entrevista para Raza Deportiva, Vergara Madrigal desaprob\u00f3 las acciones del directivo, mismas que no coinciden con su visi\u00f3n.<\/p>\n<p>&#8220;No, no estoy de acuerdo con lo que hizo (Higuera); la verdad de las cosas no es mi manera de pensar ni mi estilo y no estoy de acuerdo en la forma que lo est\u00e1 haciendo. S\u00ed se pas\u00f3 y ya lo hice (lo reprendi\u00f3)&#8221;, fueron las palabras del due\u00f1o de Chivas.<\/p>\n<p><a href=\"https:\/\/www.futboltotal.com.mx\/2016\/12\/higuera-sigue-encendido-las-redes-sociales\/\">LEER M\u00c1S: HIGUERA SIGUE INCENDIANDO LAS REDES SOCIALES<\/a><\/p>\n<p>La \u00faltima joya de Higuera la dio justo el d\u00eda de hoy, aludiendo\u00a0a las palabras de Pel\u00e1ez con una ir\u00f3nica acci\u00f3n en su cuenta de Twitter, donde <a href=\"https:\/\/www.futboltotal.com.mx\/2017\/01\/jose-luis-higuera-se-describe-pelagatos\/\">se describi\u00f3 como un &#8220;Pelagatos&#8221;<\/a>, adjetivo con el que el directivo americanista se refiri\u00f3 a \u00e9l en d\u00edas pasados.<\/p>\n<p><a href=\"https:\/\/www.futboltotal.com.mx\/2016\/12\/llegada-jesus-duenas-chivas-caeria-culpa-higuera\/\">LEER M\u00c1S: LLEGADA DE DUE\u00d1AS A CHIVAS SE CAER\u00cdA POR CULPA DE&#8230;HIGUERA<\/a><\/p>\n","protected":false},"excerpt":{"rendered":"<p>El due\u00f1o de las Chivas decidi\u00f3 frenar las pol\u00e9micas acciones del directivo.<\/p>\n","protected":false},"author":20,"featured_media":428213,"comment_status":"closed","ping_status":"closed","sticky":false,"template":"","format":"standard","meta":[],"categories":[5,2198,3845],"tags":[70,5963,7884,243,1953],"_links":{"self":[{"href":"http:\/\/desarrollo.grupomedios.com\/futbol\/wp-json\/wp\/v2\/posts\/451710"}],"collection":[{"href":"http:\/\/desarrollo.grupomedios.com\/futbol\/wp-json\/wp\/v2\/posts"}],"about":[{"href":"http:\/\/desarrollo.grupomedios.com\/futbol\/wp-json\/wp\/v2\/types\/post"}],"author":[{"embeddable":true,"href":"http:\/\/desarrollo.grupomedios.com\/futbol\/wp-json\/wp\/v2\/users\/20"}],"replies":[{"embeddable":true,"href":"http:\/\/desarrollo.grupomedios.com\/futbol\/wp-json\/wp\/v2\/comments?post=451710"}],"version-history":[{"count":0,"href":"http:\/\/desarrollo.grupomedios.com\/futbol\/wp-json\/wp\/v2\/posts\/451710\/revisions"}],"wp:featuredmedia":[{"embeddable":true,"href":"http:\/\/desarrollo.grupomedios.com\/futbol\/wp-json\/wp\/v2\/media\/428213"}],"wp:attachment":[{"href":"http:\/\/desarrollo.grupomedios.com\/futbol\/wp-json\/wp\/v2\/media?parent=451710"}],"wp:term":[{"taxonomy":"category","embeddable":true,"href":"http:\/\/desarrollo.grupomedios.com\/futbol\/wp-json\/wp\/v2\/categories?post=451710"},{"taxonomy":"post_tag","embeddable":true,"href":"http:\/\/desarrollo.grupomedios.com\/futbol\/wp-json\/wp\/v2\/tags?post=451710"}],"curies":[{"name":"wp","href":"https:\/\/api.w.org\/{rel}","templated":true}]}}