{"id":451713,"date":"2017-01-02T17:09:30","date_gmt":"2017-01-02T23:09:30","guid":{"rendered":"https:\/\/www.futboltotal.com.mx\/?p=451713"},"modified":"2017-01-02T17:09:30","modified_gmt":"2017-01-02T23:09:30","slug":"mauro-boselli-rechazo-fichar-america-amor-al-leon","status":"publish","type":"post","link":"http:\/\/desarrollo.grupomedios.com\/futbol\/futbol-mexicano\/mauro-boselli-rechazo-fichar-america-amor-al-leon\/2017\/01","title":{"rendered":"Mauro Boselli rechaz\u00f3 fichar con Am\u00e9rica por amor al Le\u00f3n"},"content":{"rendered":"<p>Semanas despu\u00e9s de que se realizara el R\u00e9gimen de Transferencias de la Liga MX y a d\u00edas de que culminara el plazo para que los \u00faltimos finalistas, <strong>Am\u00e9rica<\/strong> y <strong>Tigres<\/strong>, realizaran alg\u00fan fichaje de futbolistas del balompi\u00e9 mexicano, algunos jugadores que\u00a0fueron pretendidos por equipos importantes finalmente hablan de por qu\u00e9 no cambiaron de equipo.<\/p>\n<p>Uno de estos casos fue el de <strong>Mauro Boselli<\/strong>, delantero del <strong>Le\u00f3n<\/strong> que rechaz\u00f3 ofertas para cambiar de aires, una de ellas precisamente proveniente de las <em>\u00c1guilas<\/em>, tal y como lo acept\u00f3 para Medio Tiempo el ariete argentino.<\/p>\n<p>&#8220;A veces llegan ofertas (como la de Am\u00e9rica) que son dif\u00edciles decir que no, pero estoy contento de estar en esta ciudad. Es dif\u00edcil que se pueda dar una salida a otro club de la liga mexicana. Cuando la directiva decida que yo debo salir del club analizar\u00e9 cualquier propuesta. Hoy quiero seguir aqu\u00ed mucho tiempo&#8221;, mencion\u00f3 el futbolista sudamericano.<\/p>\n<p>Asimismo, el jugador de <strong>La Fiera<\/strong> se plantea claros objetivos para el torneo<strong> Clausura 2017<\/strong>, tanto a nivel individual como pensando hacia d\u00f3nde apunta el cuadro esmeralda.<\/p>\n<p>&#8220;Se puede luchar por otro t\u00edtulo de goleo. Cada torneo empiezo con las mismas ganas, la mejor de las expectativas: aportar al equipo goles, buenas actuaciones para alcanzar los objetivos que son Liguilla y pelear por el t\u00edtulo&#8221;<\/p>\n<p><a href=\"https:\/\/www.futboltotal.com.mx\/2017\/01\/oscar-perez-podria-aplazar-fecha-retiro\/\">LEER M\u00c1S: \u00d3SCAR P\u00c9REZ PODR\u00cdA APLAZAR SU FECHA DE RETIRO<\/a><\/p>\n","protected":false},"excerpt":{"rendered":"<p>El atacante de La Fiera confes\u00f3 que pudo haber cambiado de equipo.<\/p>\n","protected":false},"author":20,"featured_media":441618,"comment_status":"closed","ping_status":"closed","sticky":false,"template":"","format":"standard","meta":[],"categories":[2198,3845],"tags":[5959,5309,5965,64,3863],"_links":{"self":[{"href":"http:\/\/desarrollo.grupomedios.com\/futbol\/wp-json\/wp\/v2\/posts\/451713"}],"collection":[{"href":"http:\/\/desarrollo.grupomedios.com\/futbol\/wp-json\/wp\/v2\/posts"}],"about":[{"href":"http:\/\/desarrollo.grupomedios.com\/futbol\/wp-json\/wp\/v2\/types\/post"}],"author":[{"embeddable":true,"href":"http:\/\/desarrollo.grupomedios.com\/futbol\/wp-json\/wp\/v2\/users\/20"}],"replies":[{"embeddable":true,"href":"http:\/\/desarrollo.grupomedios.com\/futbol\/wp-json\/wp\/v2\/comments?post=451713"}],"version-history":[{"count":0,"href":"http:\/\/desarrollo.grupomedios.com\/futbol\/wp-json\/wp\/v2\/posts\/451713\/revisions"}],"wp:featuredmedia":[{"embeddable":true,"href":"http:\/\/desarrollo.grupomedios.com\/futbol\/wp-json\/wp\/v2\/media\/441618"}],"wp:attachment":[{"href":"http:\/\/desarrollo.grupomedios.com\/futbol\/wp-json\/wp\/v2\/media?parent=451713"}],"wp:term":[{"taxonomy":"category","embeddable":true,"href":"http:\/\/desarrollo.grupomedios.com\/futbol\/wp-json\/wp\/v2\/categories?post=451713"},{"taxonomy":"post_tag","embeddable":true,"href":"http:\/\/desarrollo.grupomedios.com\/futbol\/wp-json\/wp\/v2\/tags?post=451713"}],"curies":[{"name":"wp","href":"https:\/\/api.w.org\/{rel}","templated":true}]}}