{"id":451725,"date":"2017-01-02T20:03:17","date_gmt":"2017-01-03T02:03:17","guid":{"rendered":"https:\/\/www.futboltotal.com.mx\/?p=451725"},"modified":"2017-01-02T20:03:17","modified_gmt":"2017-01-03T02:03:17","slug":"atlas-oficializo-la-llegada-refuerzo-ghana","status":"publish","type":"post","link":"http:\/\/desarrollo.grupomedios.com\/futbol\/futbol-mexicano\/atlas-oficializo-la-llegada-refuerzo-ghana\/2017\/01","title":{"rendered":"El Atlas oficializ\u00f3 la llegada de refuerzo de Ghana"},"content":{"rendered":"<p>Pese a que s\u00f3lo faltan cuatro d\u00edas para el arranque del torneo <strong>Clausura 2017<\/strong> de la Liga MX, varios equipos siguen trabajando en busca de reforzarse, tal es el caso del <strong>Atlas<\/strong>.<\/p>\n<p>Los <em>Zorros<\/em>\u00a0han oficializado el arribo del centrocampista ghan\u00e9s <strong>Clifford Aboagye<\/strong>, quien incluso ya realiz\u00f3 su primera pr\u00e1ctica con el conjunto tapat\u00edo.<\/p>\n<p>Por medio de las redes sociales, el futbolista africano de tan s\u00f3lo 21 a\u00f1os fue anunciado con una imagen del momento en que estampo la r\u00fabrica con la que se vincula al Atlas.<\/p>\n<p>&nbsp;<\/p>\n<blockquote class=\"twitter-tweet\" data-lang=\"es\">\n<p dir=\"ltr\" lang=\"es\">\u00a1<a href=\"https:\/\/twitter.com\/Cliffortis\">@Cliffortis<\/a> es oficialmente Rojinegro! Esta tarde firm\u00f3 su contrato con Atlas &#x1f534;\u26ab <a href=\"https:\/\/t.co\/bp7vTqaiG7\">pic.twitter.com\/bp7vTqaiG7<\/a><\/p>\n<p>\u2014 Atlas FC (@atlasfc) <a href=\"https:\/\/twitter.com\/atlasfc\/status\/816032743696072704\">2 de enero de 2017<\/a><\/p><\/blockquote>\n<p><script async src=\"\/\/platform.twitter.com\/widgets.js\" charset=\"utf-8\"><\/script><\/p>\n<p>&nbsp;<\/p>\n<blockquote class=\"twitter-tweet\" data-lang=\"es\">\n<p dir=\"ltr\" lang=\"es\">\u00a1Hoy se integra a los Rojinegros <a href=\"https:\/\/twitter.com\/Cliffortis\">@Cliffortis<\/a>! \u00a1Bienvenido al equipo de la Furia! &#x1f534;\u26ab <a href=\"https:\/\/t.co\/sPFoHqbFtN\">pic.twitter.com\/sPFoHqbFtN<\/a><\/p>\n<p>\u2014 Atlas FC (@atlasfc) <a href=\"https:\/\/twitter.com\/atlasfc\/status\/815957565398011904\">2 de enero de 2017<\/a><\/p><\/blockquote>\n<p><script async src=\"\/\/platform.twitter.com\/widgets.js\" charset=\"utf-8\"><\/script><\/p>\n<p>Aboagye fue formado en el International Allie FC de su natal\u00a0Ghana y desde 2013 su carta pertenece al Udinese italiano, que lo ha prestado al Granada. Con el equipo espa\u00f1ol ha sido parte del Granada B hasta 2016.<\/p>\n<p>&nbsp;<\/p>\n<blockquote class=\"twitter-tweet\" data-lang=\"es\">\n<p dir=\"ltr\" lang=\"es\">Muy contento por mi primer entrenamiento con el equipo <a href=\"https:\/\/twitter.com\/atlas\">@atlas<\/a>,y gracias a todos por los c\u00e1lidos deseos de bienvenida..a darle todos \u26bd&#x1f4aa;&#x1f3fe;&#x1f64f;&#x1f3fe;&#x1f534;\u26ab\ufe0f <a href=\"https:\/\/t.co\/tXTbuD5pao\">pic.twitter.com\/tXTbuD5pao<\/a><\/p>\n<p>\u2014 Clifford Aboagye (@Cliffortis) <a href=\"https:\/\/twitter.com\/Cliffortis\/status\/816067581585059840\">2 de enero de 2017<\/a><\/p><\/blockquote>\n<p><script async src=\"\/\/platform.twitter.com\/widgets.js\" charset=\"utf-8\"><\/script><\/p>\n<p>El volante africano fue parte del seleccionado de su pa\u00eds que disput\u00f3 el Mundial Sub 20 del 2013, en el que el cuadro africano fue tercer lugar y Aboagye recibi\u00f3 el Bal\u00f3n de Bronce, destacando entre todos los futbolistas que tomaron parte de ese edici\u00f3n del certamen s\u00f3lo por detr\u00e1s del franc\u00e9s Paul Pogba y el uruguayo Nicol\u00e1s L\u00f3pez.<\/p>\n<p><a href=\"https:\/\/www.futboltotal.com.mx\/2017\/01\/cruz-azul-se-podria-quedar-sin-fichaje-cauteruccio\/\">LEER M\u00c1S: \u00a1TIEMBLA EL FICHAJE DE CAUTERUCCIO CON CRUZ AZUL!<\/a><\/p>\n","protected":false},"excerpt":{"rendered":"<p>El mediocampista africano Clifford Aboagye firm\u00f3 contrato con los Zorros.<\/p>\n","protected":false},"author":20,"featured_media":451726,"comment_status":"closed","ping_status":"closed","sticky":false,"template":"","format":"standard","meta":[],"categories":[7740,2198,3845],"tags":[5961,7927,3154],"_links":{"self":[{"href":"http:\/\/desarrollo.grupomedios.com\/futbol\/wp-json\/wp\/v2\/posts\/451725"}],"collection":[{"href":"http:\/\/desarrollo.grupomedios.com\/futbol\/wp-json\/wp\/v2\/posts"}],"about":[{"href":"http:\/\/desarrollo.grupomedios.com\/futbol\/wp-json\/wp\/v2\/types\/post"}],"author":[{"embeddable":true,"href":"http:\/\/desarrollo.grupomedios.com\/futbol\/wp-json\/wp\/v2\/users\/20"}],"replies":[{"embeddable":true,"href":"http:\/\/desarrollo.grupomedios.com\/futbol\/wp-json\/wp\/v2\/comments?post=451725"}],"version-history":[{"count":0,"href":"http:\/\/desarrollo.grupomedios.com\/futbol\/wp-json\/wp\/v2\/posts\/451725\/revisions"}],"wp:featuredmedia":[{"embeddable":true,"href":"http:\/\/desarrollo.grupomedios.com\/futbol\/wp-json\/wp\/v2\/media\/451726"}],"wp:attachment":[{"href":"http:\/\/desarrollo.grupomedios.com\/futbol\/wp-json\/wp\/v2\/media?parent=451725"}],"wp:term":[{"taxonomy":"category","embeddable":true,"href":"http:\/\/desarrollo.grupomedios.com\/futbol\/wp-json\/wp\/v2\/categories?post=451725"},{"taxonomy":"post_tag","embeddable":true,"href":"http:\/\/desarrollo.grupomedios.com\/futbol\/wp-json\/wp\/v2\/tags?post=451725"}],"curies":[{"name":"wp","href":"https:\/\/api.w.org\/{rel}","templated":true}]}}