{"id":451795,"date":"2017-01-03T15:58:15","date_gmt":"2017-01-03T21:58:15","guid":{"rendered":"https:\/\/www.futboltotal.com.mx\/?p=451795"},"modified":"2017-01-03T16:48:42","modified_gmt":"2017-01-03T22:48:42","slug":"aviles-hurtado-sin-motivacion-ir-al-america","status":"publish","type":"post","link":"http:\/\/desarrollo.grupomedios.com\/futbol\/destacado-home\/aviles-hurtado-sin-motivacion-ir-al-america\/2017\/01","title":{"rendered":"Avil\u00e9s Hurtado asegur\u00f3 que no tuvo motivaci\u00f3n para llegar al Am\u00e9rica"},"content":{"rendered":"<p>El delantero de Xolos, <strong>Avil\u00e9s Hurtado<\/strong>, habl\u00f3 sobre el posible intercambio que hab\u00eda para que jugar\u00e1 en <strong>Am\u00e9rica<\/strong> para el Clausura 2017 y asegur\u00f3 que no le pareci\u00f3 la forma en que se manejo debido a que la gente de las \u00c1guilas nunca se comunicaron con \u00e9l para mostrarle sus intenciones de que fuera uno de sus refuerzos.<\/p>\n<p>Previo a que cerraran los registros de la Liga MX, el conjunto de Coapa tuvo intenci\u00f3n de enviar a Darwin Quintero y hasta el mismo Rubens Sambueza a cambio del <strong>Avil\u00e9s<\/strong>, pero se rumor\u00f3 que el jugador de Tijuana se hab\u00eda negado, situaci\u00f3n que \u00e9l mismo ya ha aclarado.<\/p>\n<blockquote><p>\u201cJorge (Hank) me hizo saber c\u00f3mo estaba la negociaci\u00f3n, lastimosamente no habl\u00e9 con ning\u00fan miembro de la directiva del Am\u00e9rica, entonces por ese lado no te motiva mucho llegar a una instituci\u00f3n donde nadie te habla\u201d,\u00a0explic\u00f3.<\/p><\/blockquote>\n<p style=\"text-align: center;\"><span style=\"color: #3366ff;\"><a style=\"color: #3366ff;\" href=\"https:\/\/www.futboltotal.com.mx\/2017\/01\/cauteruccio-cerca-firmar-cruz-azul\/\">LEER M\u00c1S: Fichaje de Cauteruccio, casi cerrado con Cruz Azul<\/a><\/span><\/p>\n<p>A pesar de que no termin\u00f3 por llegar al <strong>Am\u00e9rica<\/strong>, el colombiano no dud\u00f3 en llenar de elogios al club que dirige Ricardo La Volpe, pues \u00e9l mismo sabe lo que significa el club, aunque sin dejar de lado lo a gusto que est\u00e1 en su equipo actual.<\/p>\n<blockquote><p>\u201cNo quiero entrar en detalles solo quiero decir que <strong>Am\u00e9rica<\/strong> es uno de los clubes m\u00e1s grandes del continente y cualquier jugador desear\u00eda pertenecer a esa instituci\u00f3n lastimosamente no se lleg\u00f3 a ning\u00fan acuerdo. Por eso creo no hubo ning\u00fan acuerdo total, creo que estoy contento con lo que vengo haciendo ac\u00e1, de pertenecer a esta gran instituci\u00f3n y espero seguir aportando lo m\u00e1ximo de m\u00ed\u201d, expres\u00f3 en conferencia de prensa.<\/p><\/blockquote>\n<p>Apenas hace seis meses que lleg\u00f3 Avil\u00e9s a los Xolos, pero debido al conocimiento de Ricardo La Volpe en su etapa con Chiapas, el t\u00e9cnico azulcrema solicit\u00f3 a su directiva los servicios del colombiano.<\/p>\n","protected":false},"excerpt":{"rendered":"<p>Avil\u00e9s explic\u00f3 que la Directiva de Am\u00e9rica no se comunic\u00f3 con \u00e9l.<\/p>\n","protected":false},"author":20,"featured_media":451338,"comment_status":"closed","ping_status":"closed","sticky":false,"template":"","format":"standard","meta":[],"categories":[5,7740,2198,3845],"tags":[5959,64,5974],"_links":{"self":[{"href":"http:\/\/desarrollo.grupomedios.com\/futbol\/wp-json\/wp\/v2\/posts\/451795"}],"collection":[{"href":"http:\/\/desarrollo.grupomedios.com\/futbol\/wp-json\/wp\/v2\/posts"}],"about":[{"href":"http:\/\/desarrollo.grupomedios.com\/futbol\/wp-json\/wp\/v2\/types\/post"}],"author":[{"embeddable":true,"href":"http:\/\/desarrollo.grupomedios.com\/futbol\/wp-json\/wp\/v2\/users\/20"}],"replies":[{"embeddable":true,"href":"http:\/\/desarrollo.grupomedios.com\/futbol\/wp-json\/wp\/v2\/comments?post=451795"}],"version-history":[{"count":0,"href":"http:\/\/desarrollo.grupomedios.com\/futbol\/wp-json\/wp\/v2\/posts\/451795\/revisions"}],"wp:featuredmedia":[{"embeddable":true,"href":"http:\/\/desarrollo.grupomedios.com\/futbol\/wp-json\/wp\/v2\/media\/451338"}],"wp:attachment":[{"href":"http:\/\/desarrollo.grupomedios.com\/futbol\/wp-json\/wp\/v2\/media?parent=451795"}],"wp:term":[{"taxonomy":"category","embeddable":true,"href":"http:\/\/desarrollo.grupomedios.com\/futbol\/wp-json\/wp\/v2\/categories?post=451795"},{"taxonomy":"post_tag","embeddable":true,"href":"http:\/\/desarrollo.grupomedios.com\/futbol\/wp-json\/wp\/v2\/tags?post=451795"}],"curies":[{"name":"wp","href":"https:\/\/api.w.org\/{rel}","templated":true}]}}