{"id":451801,"date":"2017-01-03T17:01:59","date_gmt":"2017-01-03T23:01:59","guid":{"rendered":"https:\/\/www.futboltotal.com.mx\/?p=451801"},"modified":"2017-01-03T17:01:59","modified_gmt":"2017-01-03T23:01:59","slug":"guadalajara-premia-a-los-suscriptores-chivas-tv","status":"publish","type":"post","link":"http:\/\/desarrollo.grupomedios.com\/futbol\/futbol-mexicano\/guadalajara-premia-a-los-suscriptores-chivas-tv\/2017\/01","title":{"rendered":"Guadalajara premia a los suscriptores de Chivas TV"},"content":{"rendered":"<p><strong>Chivas Tv<\/strong> se lanz\u00f3 en el semestre pasado, como el nuevo servicio de Streaming en donde se transmitir\u00edan los juegos del <em>Reba\u00f1o Sagrado<\/em>. La plataforma dio muchos problemas durante las primeras jornadas del Apertura 2016, incluso se cay\u00f3 durante su presentaci\u00f3n.<\/p>\n<p><strong>Guadalajara<\/strong> decidi\u00f3 premiar a todos esos aficionados que pagaron por ver a su equipo durante el Apertura 2016 y Clausura 2017, el conjunto rojiblanco pondr\u00e1 a la venta de forma exclusiva para los suscriptores la playera conmemorativa de los 110 a\u00f1os.<\/p>\n<p style=\"text-align: center;\"><span style=\"color: #3366ff;\"><a style=\"color: #3366ff;\" href=\"https:\/\/www.futboltotal.com.mx\/2017\/01\/me-seduce-jugar-en-cruz-azul-grande-cauteruccio\/\" target=\"_blank\">LEER M\u00c1S: Me seduce jugar en Cruz Azul porque es un grande: Cauteruccio<\/a><\/span><\/p>\n<p style=\"text-align: left;\">En la cuenta oficial de <strong>Chivas TV<\/strong> se realiz\u00f3 el aviso oficial, en donde se aclara que la venta ser\u00e1 exclusiva para los suscriptores de la plataforma durante el Apertura 2016 y para este torneo. Comentan que solo se har\u00e1 una playera por cuenta y se vender\u00e1 a partir de Abril, adem\u00e1s de que costar\u00e1 menos que su precio habitual.<\/p>\n<blockquote class=\"twitter-tweet\" data-width=\"500\">\n<p lang=\"es\" dir=\"ltr\">\u26a0Informaci\u00f3n importante playera conmemorativa\u26a0<a href=\"https:\/\/twitter.com\/hashtag\/BeneficiosChivasTV?src=hash\">#BeneficiosChivasTV<\/a> <a href=\"https:\/\/t.co\/sAWtnZZbcQ\">pic.twitter.com\/sAWtnZZbcQ<\/a><\/p>\n<p>&mdash; Chivas TV (@chivastvmx) <a href=\"https:\/\/twitter.com\/chivastvmx\/status\/816379267642626048\">January 3, 2017<\/a><\/p><\/blockquote>\n<p><script async src=\"\/\/platform.twitter.com\/widgets.js\" charset=\"utf-8\"><\/script><\/p>\n<p style=\"text-align: left;\">S\u00edguenos en Twitter: <a href=\"https:\/\/twitter.com\/MXFutbolTotal\" target=\"_blank\">@MXFutbolTotal<\/a><\/p>\n","protected":false},"excerpt":{"rendered":"<p>Pondr\u00e1n a la venta la playera conmemorativa de los 110 a\u00f1os, de forma exclusiva para los suscriptores de Chivas TV. <\/p>\n","protected":false},"author":20,"featured_media":451803,"comment_status":"closed","ping_status":"closed","sticky":false,"template":"","format":"standard","meta":[],"categories":[5419,2198,3845],"tags":[70,7110,5963],"_links":{"self":[{"href":"http:\/\/desarrollo.grupomedios.com\/futbol\/wp-json\/wp\/v2\/posts\/451801"}],"collection":[{"href":"http:\/\/desarrollo.grupomedios.com\/futbol\/wp-json\/wp\/v2\/posts"}],"about":[{"href":"http:\/\/desarrollo.grupomedios.com\/futbol\/wp-json\/wp\/v2\/types\/post"}],"author":[{"embeddable":true,"href":"http:\/\/desarrollo.grupomedios.com\/futbol\/wp-json\/wp\/v2\/users\/20"}],"replies":[{"embeddable":true,"href":"http:\/\/desarrollo.grupomedios.com\/futbol\/wp-json\/wp\/v2\/comments?post=451801"}],"version-history":[{"count":0,"href":"http:\/\/desarrollo.grupomedios.com\/futbol\/wp-json\/wp\/v2\/posts\/451801\/revisions"}],"wp:featuredmedia":[{"embeddable":true,"href":"http:\/\/desarrollo.grupomedios.com\/futbol\/wp-json\/wp\/v2\/media\/451803"}],"wp:attachment":[{"href":"http:\/\/desarrollo.grupomedios.com\/futbol\/wp-json\/wp\/v2\/media?parent=451801"}],"wp:term":[{"taxonomy":"category","embeddable":true,"href":"http:\/\/desarrollo.grupomedios.com\/futbol\/wp-json\/wp\/v2\/categories?post=451801"},{"taxonomy":"post_tag","embeddable":true,"href":"http:\/\/desarrollo.grupomedios.com\/futbol\/wp-json\/wp\/v2\/tags?post=451801"}],"curies":[{"name":"wp","href":"https:\/\/api.w.org\/{rel}","templated":true}]}}