{"id":451819,"date":"2017-01-03T19:20:49","date_gmt":"2017-01-04T01:20:49","guid":{"rendered":"https:\/\/www.futboltotal.com.mx\/?p=451819"},"modified":"2017-01-04T10:39:32","modified_gmt":"2017-01-04T16:39:32","slug":"se-revela-lo-cruz-azul-pago-gabriel-penalba","status":"publish","type":"post","link":"http:\/\/desarrollo.grupomedios.com\/futbol\/futbol-mexicano\/se-revela-lo-cruz-azul-pago-gabriel-penalba\/2017\/01","title":{"rendered":"Se revela lo que Cruz Azul pag\u00f3 por Gabriel Pe\u00f1alba"},"content":{"rendered":"<p>El defensor central y nuevo refuerzo de <strong>Cruz Azul<\/strong>, revel\u00f3 a trav\u00e9s de su cuenta de Twitter la cantidad que pag\u00f3 la <em>M\u00e1quina<\/em> para contar con \u00e9l para el Clausura 2017.<\/p>\n<p>En una din\u00e1mica de la red social, <strong>Gabriel<\/strong> decidi\u00f3 responder a sus seguidores algunas preguntas y dudas que ten\u00edan acerca del futbolista y sin duda la pregunta frecuente era si Cruz Azul hab\u00eda pagado 5 millones de d\u00f3lares por el ex futbolista de<strong> Veracruz.<\/strong><\/p>\n<p style=\"text-align: center;\"><span style=\"color: #3366ff;\"><a style=\"color: #3366ff;\" href=\"https:\/\/www.futboltotal.com.mx\/2017\/01\/chicharito-lidera-11-ideal-del-bayer-leverkusen-en-2016\/\" target=\"_blank\">LEER M\u00c1S: Chicharito lidera el 11 ideal del Bayer Leverkusen en 2016<\/a><\/span><\/p>\n<p>&#8220;No te vuelvas loco&#8221; fueron las palabras de<strong> Pe\u00f1alba<\/strong> para responder a un aficionado que cre\u00eda que hab\u00edan pagado 5 MDD por el central, enseguida el futbolista revel\u00f3 la cantidad que cost\u00f3 su transferencia al cuadro de la Capital del pa\u00eds.<\/p>\n<p>https:\/\/twitter.com\/gabypenalba28\/status\/815779954621194240<\/p>\n<p>La gente no se notaba convencida con lo que dec\u00eda el futbolista y continuaba cuestionando la cantidad de dinero que pagaron por \u00e9l, pero Gabriel volvi\u00f3 a aclarar la situaci\u00f3n.<\/p>\n<blockquote class=\"twitter-tweet\" data-width=\"500\">\n<p lang=\"es\" dir=\"ltr\"><a href=\"https:\/\/twitter.com\/Ugalde_701\">@Ugalde_701<\/a> <a href=\"https:\/\/twitter.com\/Psypato92\">@Psypato92<\/a> ojalaaaaa papaaaaaa no se crean todo lo de los diarios muchachos 1.2 total<\/p>\n<p>&mdash; gabriel pe\u00f1alba (@gabypenalba28) <a href=\"https:\/\/twitter.com\/gabypenalba28\/status\/816084606017413120\">January 3, 2017<\/a><\/p><\/blockquote>\n<p><script async src=\"\/\/platform.twitter.com\/widgets.js\" charset=\"utf-8\"><\/script><\/p>\n<p>S\u00edguenos en Twitter: <a href=\"https:\/\/twitter.com\/MXFutbolTotal\" target=\"_blank\">@MXFutbolTotal<\/a><\/p>\n","protected":false},"excerpt":{"rendered":"<p>El futbolista dio a conocer el costo de su transferencia a trav\u00e9s de Twitter. <\/p>\n","protected":false},"author":20,"featured_media":451820,"comment_status":"closed","ping_status":"closed","sticky":false,"template":"","format":"standard","meta":[],"categories":[7740,2198,3845],"tags":[5962,7809],"_links":{"self":[{"href":"http:\/\/desarrollo.grupomedios.com\/futbol\/wp-json\/wp\/v2\/posts\/451819"}],"collection":[{"href":"http:\/\/desarrollo.grupomedios.com\/futbol\/wp-json\/wp\/v2\/posts"}],"about":[{"href":"http:\/\/desarrollo.grupomedios.com\/futbol\/wp-json\/wp\/v2\/types\/post"}],"author":[{"embeddable":true,"href":"http:\/\/desarrollo.grupomedios.com\/futbol\/wp-json\/wp\/v2\/users\/20"}],"replies":[{"embeddable":true,"href":"http:\/\/desarrollo.grupomedios.com\/futbol\/wp-json\/wp\/v2\/comments?post=451819"}],"version-history":[{"count":0,"href":"http:\/\/desarrollo.grupomedios.com\/futbol\/wp-json\/wp\/v2\/posts\/451819\/revisions"}],"wp:featuredmedia":[{"embeddable":true,"href":"http:\/\/desarrollo.grupomedios.com\/futbol\/wp-json\/wp\/v2\/media\/451820"}],"wp:attachment":[{"href":"http:\/\/desarrollo.grupomedios.com\/futbol\/wp-json\/wp\/v2\/media?parent=451819"}],"wp:term":[{"taxonomy":"category","embeddable":true,"href":"http:\/\/desarrollo.grupomedios.com\/futbol\/wp-json\/wp\/v2\/categories?post=451819"},{"taxonomy":"post_tag","embeddable":true,"href":"http:\/\/desarrollo.grupomedios.com\/futbol\/wp-json\/wp\/v2\/tags?post=451819"}],"curies":[{"name":"wp","href":"https:\/\/api.w.org\/{rel}","templated":true}]}}