{"id":451843,"date":"2017-01-04T10:51:19","date_gmt":"2017-01-04T16:51:19","guid":{"rendered":"https:\/\/www.futboltotal.com.mx\/?p=451843"},"modified":"2017-01-04T11:01:24","modified_gmt":"2017-01-04T17:01:24","slug":"america-buscara-hacer-fichajes-emergencia","status":"publish","type":"post","link":"http:\/\/desarrollo.grupomedios.com\/futbol\/destacado-home\/america-buscara-hacer-fichajes-emergencia\/2017\/01","title":{"rendered":"Am\u00e9rica buscar\u00e1 hacer fichajes de &#8216;emergencia&#8217;"},"content":{"rendered":"<p>La mala suerte que acompa\u00f1\u00f3 al <strong>Am\u00e9rica<\/strong> durante el pasado semestre, en el que vivi\u00f3 un Centenario complicado tanto para el club como para su afici\u00f3n, parece seguir acechando a las <em>\u00c1guilas<\/em> que tienen problemas para poder reforzar su plantilla y el tiempo en su contra.<\/p>\n<p>Los planes para fichar al argentino <strong>Sebasti\u00e1n Blanco<\/strong>, jugador del San Lorenzo de su pa\u00eds, no han podido avanzar debido a que los americanistas realizaron el contacto directamente con el representante del jugador y no con el club, que tiene la propiedad de su carta.<\/p>\n<p>Por ello, el plan de emergencia de los azulcremas apunta a otro argentino, pero que juega en el Brasileirao. Se trata del volante <strong>Federico Mancuello<\/strong>, ex Independiente y que ahora es futbolista del Flamengo.<\/p>\n<p><a href=\"https:\/\/www.futboltotal.com.mx\/2017\/01\/aviles-hurtado-sin-motivacion-ir-al-america\/\">LEER M\u00c1S: AVIL\u00c9S HURTADO NO TUVO MOTIVACI\u00d3N PARA LLEGAR AL AM\u00c9RICA<\/a><\/p>\n<p>Mancuello habl\u00f3 para el diario R\u00e9cord y dijo que es conocedor del inter\u00e9s de las <em>\u00c1guilas<\/em> por ficharlo, aunque sigue esperando que presenten una oferta al <em>Fla<\/em>.<\/p>\n<p>Otro nombre que es sondeado por la dirigencia del club de Coapa es el del colombiano <strong>Fabi\u00e1n Castillo<\/strong>, extremo surgido del Deportivo Cali y de quien su carta pertenece al FC Dallas de la MLS, pero que actualmente est\u00e1 cedido en el Trabzonspor de Turqu\u00eda.<\/p>\n<p>El nombre de Castillo surge com posible alternativa ante los problemas de Am\u00e9rica para poder contratar al paraguayo Cecilio Dom\u00ednguez.<\/p>\n<p><a href=\"https:\/\/www.futboltotal.com.mx\/2017\/01\/america-insiste-reforzarse-blanco-dominguez\/\">LEER M\u00c1S: AM\u00c9RICA INSISTE PARA REFORZARSE CON BLANCO Y DOM\u00cdNGUEZ<\/a><\/p>\n","protected":false},"excerpt":{"rendered":"<p>El &#8216;Plan A&#8217; de las \u00c1guilas para reforzarse parece caerse y apuntan a otros futbolistas.<\/p>\n","protected":false},"author":20,"featured_media":451844,"comment_status":"closed","ping_status":"closed","sticky":false,"template":"","format":"standard","meta":[],"categories":[5,7740,2198,3845],"tags":[1585,5959,7732,6512,6580,64,7942],"_links":{"self":[{"href":"http:\/\/desarrollo.grupomedios.com\/futbol\/wp-json\/wp\/v2\/posts\/451843"}],"collection":[{"href":"http:\/\/desarrollo.grupomedios.com\/futbol\/wp-json\/wp\/v2\/posts"}],"about":[{"href":"http:\/\/desarrollo.grupomedios.com\/futbol\/wp-json\/wp\/v2\/types\/post"}],"author":[{"embeddable":true,"href":"http:\/\/desarrollo.grupomedios.com\/futbol\/wp-json\/wp\/v2\/users\/20"}],"replies":[{"embeddable":true,"href":"http:\/\/desarrollo.grupomedios.com\/futbol\/wp-json\/wp\/v2\/comments?post=451843"}],"version-history":[{"count":0,"href":"http:\/\/desarrollo.grupomedios.com\/futbol\/wp-json\/wp\/v2\/posts\/451843\/revisions"}],"wp:featuredmedia":[{"embeddable":true,"href":"http:\/\/desarrollo.grupomedios.com\/futbol\/wp-json\/wp\/v2\/media\/451844"}],"wp:attachment":[{"href":"http:\/\/desarrollo.grupomedios.com\/futbol\/wp-json\/wp\/v2\/media?parent=451843"}],"wp:term":[{"taxonomy":"category","embeddable":true,"href":"http:\/\/desarrollo.grupomedios.com\/futbol\/wp-json\/wp\/v2\/categories?post=451843"},{"taxonomy":"post_tag","embeddable":true,"href":"http:\/\/desarrollo.grupomedios.com\/futbol\/wp-json\/wp\/v2\/tags?post=451843"}],"curies":[{"name":"wp","href":"https:\/\/api.w.org\/{rel}","templated":true}]}}