{"id":451852,"date":"2017-01-04T11:58:48","date_gmt":"2017-01-04T17:58:48","guid":{"rendered":"https:\/\/www.futboltotal.com.mx\/?p=451852"},"modified":"2017-01-04T14:54:38","modified_gmt":"2017-01-04T20:54:38","slug":"chicharito-los-30-mejores-deportistas-menores-30","status":"publish","type":"post","link":"http:\/\/desarrollo.grupomedios.com\/futbol\/futbol-internacional\/chicharito-los-30-mejores-deportistas-menores-30\/2017\/01","title":{"rendered":"Chicharito, entre los 30 mejores deportistas menores de 30"},"content":{"rendered":"<p>Los reconocimientos al delantero <strong>Javier Hern\u00e1ndez<\/strong> siguen apareciendo de todas partes, incluso a pesar de la racha sin gol que vive desde hace meses, esta vez siendo la revista Forbes la que incluy\u00f3 a <em>Chicharito<\/em> en su listado anual de los 30 mejores deportistas menores de 30 a\u00f1os.<\/p>\n<p>En la lista 2017 de la publicaci\u00f3n especializada en negocios y finanzas, Javier aparece al lado de figuras de la NFL como Von Miller (Denver Broncos), Odell Beckham Jr. (New York Giants) y Martellus Bennett (New England Patriots), de la NBA como Kyrie Irving (Cleveland Cavaliers) o Draymond Green (Golden State Warriors), el tenista canadiense Milos Raonic y la gimnasta estadounidense Simone Biles, quien maravill\u00f3 al mundo en los pasados Juegos Ol\u00edmpicos de R\u00edo.<\/p>\n<p>Forbes se\u00f1ala a <em>Chicharito<\/em> como un jugador fundamental en el esquema de la <strong>Selecci\u00f3n Mexicana<\/strong>, con la que est\u00e1 cerca de alcanzar o romper la marca como m\u00e1ximo anotador del <em>Tri<\/em>, a\u00fan perteneciente a Jared Borgetti con 46 goles.<\/p>\n<p>&nbsp;<\/p>\n<blockquote class=\"twitter-tweet\" data-lang=\"es\">\n<p dir=\"ltr\" lang=\"en\">Presenting the <a href=\"https:\/\/twitter.com\/hashtag\/30Under30?src=hash\">#30Under30<\/a> in sports: <a href=\"https:\/\/t.co\/EhmRHjv8WX\">https:\/\/t.co\/EhmRHjv8WX<\/a> <a href=\"https:\/\/t.co\/UnwYrcB1Fy\">pic.twitter.com\/UnwYrcB1Fy<\/a><\/p>\n<p>\u2014 Forbes (@Forbes) <a href=\"https:\/\/twitter.com\/Forbes\/status\/816332314250768384\">3 de enero de 2017<\/a><\/p><\/blockquote>\n<p><script async src=\"\/\/platform.twitter.com\/widgets.js\" charset=\"utf-8\"><\/script><\/p>\n<p>Tambi\u00e9n se destaca la aparici\u00f3n de Hern\u00e1ndez en la portada del videojuego FIFA 2014, as\u00ed como ser el futbolista m\u00e1s valioso de la edici\u00f3n 2011 de la Copa Oro.<\/p>\n<p><a href=\"https:\/\/www.futboltotal.com.mx\/2017\/01\/chicharito-lidera-11-ideal-del-bayer-leverkusen-en-2016\/\">LEER M\u00c1S: CHICHARITO LIDERA EL 11 IDEAL DEL BAYER LEVERKUSEN EN 2016<\/a><\/p>\n","protected":false},"excerpt":{"rendered":"<p>El mexicano es parte de la lista de Forbes, junto a atletas como Odell Beckhan Jr. y Simone Biles.<\/p>\n","protected":false},"author":20,"featured_media":433905,"comment_status":"closed","ping_status":"closed","sticky":false,"template":"","format":"standard","meta":[],"categories":[5419,3839,6822],"tags":[120,549,3159],"_links":{"self":[{"href":"http:\/\/desarrollo.grupomedios.com\/futbol\/wp-json\/wp\/v2\/posts\/451852"}],"collection":[{"href":"http:\/\/desarrollo.grupomedios.com\/futbol\/wp-json\/wp\/v2\/posts"}],"about":[{"href":"http:\/\/desarrollo.grupomedios.com\/futbol\/wp-json\/wp\/v2\/types\/post"}],"author":[{"embeddable":true,"href":"http:\/\/desarrollo.grupomedios.com\/futbol\/wp-json\/wp\/v2\/users\/20"}],"replies":[{"embeddable":true,"href":"http:\/\/desarrollo.grupomedios.com\/futbol\/wp-json\/wp\/v2\/comments?post=451852"}],"version-history":[{"count":0,"href":"http:\/\/desarrollo.grupomedios.com\/futbol\/wp-json\/wp\/v2\/posts\/451852\/revisions"}],"wp:featuredmedia":[{"embeddable":true,"href":"http:\/\/desarrollo.grupomedios.com\/futbol\/wp-json\/wp\/v2\/media\/433905"}],"wp:attachment":[{"href":"http:\/\/desarrollo.grupomedios.com\/futbol\/wp-json\/wp\/v2\/media?parent=451852"}],"wp:term":[{"taxonomy":"category","embeddable":true,"href":"http:\/\/desarrollo.grupomedios.com\/futbol\/wp-json\/wp\/v2\/categories?post=451852"},{"taxonomy":"post_tag","embeddable":true,"href":"http:\/\/desarrollo.grupomedios.com\/futbol\/wp-json\/wp\/v2\/tags?post=451852"}],"curies":[{"name":"wp","href":"https:\/\/api.w.org\/{rel}","templated":true}]}}