{"id":451872,"date":"2017-01-04T13:17:28","date_gmt":"2017-01-04T19:17:28","guid":{"rendered":"https:\/\/www.futboltotal.com.mx\/?p=451872"},"modified":"2017-01-04T14:38:06","modified_gmt":"2017-01-04T20:38:06","slug":"gol-vela-real-sociedad-derrota-villarreal","status":"publish","type":"post","link":"http:\/\/desarrollo.grupomedios.com\/futbol\/destacado-home\/gol-vela-real-sociedad-derrota-villarreal\/2017\/01","title":{"rendered":"Con gol de Vela, la Real Sociedad derrota a Villarreal"},"content":{"rendered":"<p>En la Copa del Rey se est\u00e1 dando un duelo de mexicanos entre <strong>Carlos Vela<\/strong> y <strong>Jonathan Dos Santos<\/strong> en los Octavos de Final. El conjunto de Anoeta recib\u00eda en el juego de ida al <strong>Villarreal<\/strong>, en donde buscar\u00eda una buena ventaja para el juego de vuelta.<\/p>\n<p>La Real Sociedad se fue arriba en el marcador al minuto 17&#8242; con un tanto de Willian Jos\u00e9, que defini\u00f3 de Vaselina sobre la salida del arquero. Con este tanto el equipo local trat\u00f3 de controlar el medio campo ante un Submarino Amarillo que no pasaba por buen momento.<\/p>\n<p style=\"text-align: center;\"><span style=\"color: #3366ff;\"><a style=\"color: #3366ff;\" href=\"https:\/\/www.futboltotal.com.mx\/2017\/01\/america-buscara-hacer-fichajes-emergencia\/\" target=\"_blank\">LEER M\u00c1S: Am\u00e9rica buscar\u00e1 hacer fichajes de \u2018emergencia\u2019<\/a><\/span><\/p>\n<p>Llegada la media hora de juego, un mal despeje por parte de la defensa visitante cre\u00f3 una confusi\u00f3n entre el portero Sergio Asenjo y Mario Gaspar, que dejaron el bal\u00f3n a merced para que Carlos Vela hiciera el que podr\u00eda ser el gol m\u00e1s sencillo de su carrera.<\/p>\n<p>https:\/\/twitter.com\/CampoDepor\/status\/816738217919594496<\/p>\n<p>Para la segunda mitad el cuadro de la Real Sociedad buscaba un tercer tanto para irse m\u00e1s c\u00f3modo a la vuelta.\u00a0Llegar\u00eda este tercer gol a diecisiete minutos para el final, en una gran acci\u00f3n individual de Oyarzabal que quebr\u00f3 a Musacchio y lanz\u00f3 un misil con la zurda para desbordar a Asenjo.<\/p>\n<p>El Villarreal lo ten\u00eda todo perdido pero en el tramo postrero del partido logr\u00f3 el gran gol de Trigueros, que remat\u00f3 casi desde el medio campo y bati\u00f3 por alto a un sorprendido Rulli d\u00e1ndole as\u00ed vida a su equipo para la vuelta.<\/p>\n<p>Carlos Vela jug\u00f3 61&#8242; minutos, mientras que Jonathan jug\u00f3 todo el encuentro en la derrota de su equipo.<\/p>\n<p><iframe loading=\"lazy\" src=\"https:\/\/www.youtube.com\/embed\/S99TMLHO4s4?feature=oembed\" frameborder=\"0\" allowfullscreen><\/iframe><\/p>\n<p>S\u00edguenos en Twitter: <a href=\"https:\/\/twitter.com\/MXFutbolTotal\" target=\"_blank\">@MXFutbolTotal.\u00a0<\/a><\/p>\n","protected":false},"excerpt":{"rendered":"<p>Vela marc\u00f3 su cuarto gol en la Copa del Rey.<\/p>\n","protected":false},"author":20,"featured_media":451877,"comment_status":"closed","ping_status":"closed","sticky":false,"template":"","format":"standard","meta":[],"categories":[5,3839,3844,6718],"tags":[6048,48,102,2607],"_links":{"self":[{"href":"http:\/\/desarrollo.grupomedios.com\/futbol\/wp-json\/wp\/v2\/posts\/451872"}],"collection":[{"href":"http:\/\/desarrollo.grupomedios.com\/futbol\/wp-json\/wp\/v2\/posts"}],"about":[{"href":"http:\/\/desarrollo.grupomedios.com\/futbol\/wp-json\/wp\/v2\/types\/post"}],"author":[{"embeddable":true,"href":"http:\/\/desarrollo.grupomedios.com\/futbol\/wp-json\/wp\/v2\/users\/20"}],"replies":[{"embeddable":true,"href":"http:\/\/desarrollo.grupomedios.com\/futbol\/wp-json\/wp\/v2\/comments?post=451872"}],"version-history":[{"count":0,"href":"http:\/\/desarrollo.grupomedios.com\/futbol\/wp-json\/wp\/v2\/posts\/451872\/revisions"}],"wp:featuredmedia":[{"embeddable":true,"href":"http:\/\/desarrollo.grupomedios.com\/futbol\/wp-json\/wp\/v2\/media\/451877"}],"wp:attachment":[{"href":"http:\/\/desarrollo.grupomedios.com\/futbol\/wp-json\/wp\/v2\/media?parent=451872"}],"wp:term":[{"taxonomy":"category","embeddable":true,"href":"http:\/\/desarrollo.grupomedios.com\/futbol\/wp-json\/wp\/v2\/categories?post=451872"},{"taxonomy":"post_tag","embeddable":true,"href":"http:\/\/desarrollo.grupomedios.com\/futbol\/wp-json\/wp\/v2\/tags?post=451872"}],"curies":[{"name":"wp","href":"https:\/\/api.w.org\/{rel}","templated":true}]}}