{"id":451873,"date":"2017-01-04T18:26:20","date_gmt":"2017-01-05T00:26:20","guid":{"rendered":"https:\/\/www.futboltotal.com.mx\/?p=451873"},"modified":"2017-01-04T18:58:46","modified_gmt":"2017-01-05T00:58:46","slug":"marco-fabian-el-triunfo-de-la-voluntad","status":"publish","type":"post","link":"http:\/\/desarrollo.grupomedios.com\/futbol\/destacado-home\/marco-fabian-el-triunfo-de-la-voluntad\/2017\/01","title":{"rendered":"Marco Fabi\u00e1n: el triunfo de la voluntad tras 1 a\u00f1o en Alemania"},"content":{"rendered":"<p>En futbol, suele decirse que se juega como se vive. Puede que en una \u00e9poca haya sido cierto, pero las cosas han cambiado tanto \u2013en el mundo y en esa partecita del mundo que es el futbol\u2013 que hoy no se puede aceptar con la misma contundencia de antes. Ah\u00ed est\u00e1 Alemania, por ejemplo, que consigui\u00f3 sus primeros grandes \u00e9xitos bas\u00e1ndose en un estilo f\u00e9rreo e inquebrantable, poco vistoso y efectivo.<\/p>\n<p>Hoy, en cambio, la <em>Mannschaft<\/em> es de las selecciones que practican un juego muy agradable; si antes infund\u00eda respeto por su orden, hoy acaricia la mirada. Fue un proceso que arranc\u00f3 la d\u00e9cada pasada y se coron\u00f3 en el Mundial de Brasil 2014.<\/p>\n<p>Aun as\u00ed, es pertinente se\u00f1alar que debajo de todas esas capas de multiculturalidad, est\u00e9tica y sinfon\u00eda, en el nuevo futbol germano subyace una caracter\u00edstica esencial del ADN alem\u00e1n: la voluntad. Infatigable, s\u00f3lida y constante. La tuvo su pueblo para reconstruirse despu\u00e9s de las guerras mundiales, la tuvo su futbol cuando se distingu\u00eda por su f\u00e9rrea obstinaci\u00f3n de triunfo y la tuvo tambi\u00e9n para cambiar aquel estilo de panzer por uno mucho m\u00e1s musical. Esa voluntad es justo la caracter\u00edstica que m\u00e1s ha ejercitado <strong>Marco Fabi\u00e1n<\/strong> durante su primer a\u00f1o en las canchas de la Bundesliga.<\/p>\n<p><a href=\"https:\/\/www.futboltotal.com.mx\/wp-content\/uploads\/2016\/10\/Marco-Fabian-declaraciones-eintracht.jpg\"><img decoding=\"async\" loading=\"lazy\" class=\"size-full wp-image-436768 aligncenter\" src=\"https:\/\/www.futboltotal.com.mx\/wp-content\/uploads\/2016\/10\/Marco-Fabian-declaraciones-eintracht.jpg\" alt=\"marco-fabian-declaraciones-eintracht\" srcset=\"http:\/\/desarrollo.grupomedios.com\/futbol\/wp-content\/uploads\/2016\/10\/Marco-Fabian-declaraciones-eintracht.jpg 858w, http:\/\/desarrollo.grupomedios.com\/futbol\/wp-content\/uploads\/2016\/10\/Marco-Fabian-declaraciones-eintracht-300x151.jpg 300w, http:\/\/desarrollo.grupomedios.com\/futbol\/wp-content\/uploads\/2016\/10\/Marco-Fabian-declaraciones-eintracht-768x386.jpg 768w, http:\/\/desarrollo.grupomedios.com\/futbol\/wp-content\/uploads\/2016\/10\/Marco-Fabian-declaraciones-eintracht-340x171.jpg 340w\" sizes=\"(max-width: 858px) 100vw, 858px\" \/><\/a><\/p>\n<p><span style=\"color: #ff0000;\"><strong>La salida, por fin<\/strong><\/span><br \/>\nEl oro Ol\u00edmpico en Londres 2012 fue un logro inmenso para el futbol mexicano. En esa conquista, <strong>Marco Fabi\u00e1n<\/strong> exhibi\u00f3 en un escenario de lujo el talento que en la Liga MX ya hab\u00eda mostrado, si bien con inconstancia.<\/p>\n<p>Tras los Juegos, los rumores pusieron al volante en Europa. Al final, nada se concret\u00f3, pero no eran versiones infundadas, seg\u00fan confirm\u00f3 \u00e9l mismo en 2014, al diario Marca: \u201cTuve ofertas, pero por una u otra circunstancia no he podido irme, mas nunca es tarde, todav\u00eda lo tengo en mente\u201d.<\/p>\n<p>El tapat\u00edo \u2013que ni con Chivas ni con Cruz Azul hab\u00eda conseguido quitarse del todo la etiqueta de inconsistente\u2013 cont\u00f3 tambi\u00e9n en la charla que una de las ligas que m\u00e1s segu\u00eda era la alemana, la misma que en 2015 se convirti\u00f3 en su destino: el Eintracht Frankfurt anunci\u00f3 el 18 de diciembre su contrataci\u00f3n, por 3.7 millones de euros y a petici\u00f3n del DT Armin Veh (que en 2007 gan\u00f3 la Bundesliga con el Stuttgart donde jugaban Pavel Pardo y Ricardo Osorio).<\/p>\n<p style=\"text-align: center;\"><span style=\"color: #3366ff;\"><a style=\"color: #3366ff;\" href=\"https:\/\/www.futboltotal.com.mx\/2017\/01\/detienen-en-argentina-a-jugador-paranaense-asesinato\/\" target=\"_blank\"><strong>LEER M\u00c1S: Detienen a futbolista en Argentina por asesinato<\/strong><\/a><\/span><\/p>\n<p>El inicio de la aventura promet\u00eda: en un par de amistosos jug\u00f3 por la banda izquierda, donde dio profundidad y desequilibrio a las <em>\u00c1guilas<\/em>. Y en su debut en liga, ante Wolfsburgo, gener\u00f3 la jugada que acab\u00f3 en el 3-2 para el Eintracht, marcado por Alexander Meier (el goleador del equipo y con quien se esperaba que Fabi\u00e1n estableciera una sociedad productiva).<\/p>\n<p>Pero luego, el panorama se oscureci\u00f3: el Eintracht lig\u00f3 siete juegos sin ganar y, con el riesgo del descenso quem\u00e1ndole los pies, el club ces\u00f3 a Veh. En su lugar lleg\u00f3 Niko Kovac, con quien Marco empez\u00f3 a perder minutos y hasta presencia en la banca. Una versi\u00f3n para explicar su suplencia (versi\u00f3n que aviv\u00f3 su padre) era que el DT ten\u00eda rencor a los mexicanos por el Mundial de 2014, donde el Tri derrot\u00f3 a Croacia, en ese entonces dirigida por \u00e9l. Kovac lo neg\u00f3 y asegur\u00f3 que las razones eran solo futbol\u00edsticas.<\/p>\n<p>Marco, por su parte, desech\u00f3 la teor\u00eda: \u201cSurgieron rumores de que era extrafutbol y no es as\u00ed. Yo con \u00e9l [Kovac] estoy bien y trabajo d\u00eda a d\u00eda\u201d. M\u00e1s a\u00fan, asumi\u00f3 una postura madura y responsable \u2013lejos de lo que en M\u00e9xico se dec\u00eda\u2013: \u201cEl t\u00e9cnico es el jefe, sabe a quien le tiene m\u00e1s confianza y hay que respetarlo\u201d.<\/p>\n<p><a href=\"https:\/\/www.futboltotal.com.mx\/wp-content\/uploads\/2016\/12\/en-vivo-eintracht-marco-fabian.jpg\"><img decoding=\"async\" loading=\"lazy\" class=\"size-full wp-image-448069 aligncenter\" src=\"https:\/\/www.futboltotal.com.mx\/wp-content\/uploads\/2016\/12\/en-vivo-eintracht-marco-fabian.jpg\" alt=\"en-vivo-eintracht-marco-fabian\" srcset=\"http:\/\/desarrollo.grupomedios.com\/futbol\/wp-content\/uploads\/2016\/12\/en-vivo-eintracht-marco-fabian.jpg 858w, http:\/\/desarrollo.grupomedios.com\/futbol\/wp-content\/uploads\/2016\/12\/en-vivo-eintracht-marco-fabian-300x151.jpg 300w, http:\/\/desarrollo.grupomedios.com\/futbol\/wp-content\/uploads\/2016\/12\/en-vivo-eintracht-marco-fabian-768x386.jpg 768w, http:\/\/desarrollo.grupomedios.com\/futbol\/wp-content\/uploads\/2016\/12\/en-vivo-eintracht-marco-fabian-340x171.jpg 340w\" sizes=\"(max-width: 858px) 100vw, 858px\" \/><\/a><\/p>\n<p><strong><span style=\"color: #ff0000;\">Herr Fabi\u00e1n persevera<\/span><\/strong><br \/>\nTodo indicaba que la etapa europea de Marco ser\u00eda fugaz. M\u00e1s porque el Frankfurt tuvo que jugar una promoci\u00f3n contra el N\u00fcrnberg para evitar el descenso. La ida acab\u00f3 1-1 y \u00e9l ni siquiera fue a la banca. Pero en la vuelta, un accidente lo mand\u00f3 al campo: Marc Stendera se lesion\u00f3 y Kovac meti\u00f3 a Fabi\u00e1n al minuto 11. Su equipo gan\u00f3 1-0 con gol de Haris Seferovic y se salv\u00f3.<\/p>\n<p>Aun as\u00ed, no hab\u00eda razones evidentes para creer que la cosa mejorar\u00eda para el mexicano. Pero la salvaci\u00f3n result\u00f3 clave para su futuro. Si para lograr la permanencia Kovac us\u00f3 un esquema m\u00e1s de lucha y sacrificio que de talento ofensivo, al iniciar una nueva campa\u00f1a su enfoque se refresc\u00f3.<\/p>\n<p>Marco pas\u00f3 los primeros dos juegos de liga en la banca pero, el destino le ten\u00eda preparado un escenario ideal para iniciar su ascenso. En la tercera fecha Kovac lo hizo titular, ante el Bayer Leverkusen de Javier Hern\u00e1ndez, que el curso pasado hab\u00eda puesto en alto el nombre de M\u00e9xico en Alemania, eso mismo que Fabi\u00e1n quer\u00eda lograr.<\/p>\n<p style=\"text-align: center;\"><span style=\"color: #3366ff;\"><a style=\"color: #3366ff;\" href=\"https:\/\/www.futboltotal.com.mx\/2017\/01\/mexicana-nayeli-rangel-llega-al-futbol-espanol-como-figura\/\" target=\"_blank\"><strong>LEER M\u00c1S: Mexicana llega a Europa como figura<\/strong> <\/a><\/span><\/p>\n<p>Y mientras en M\u00e9xico lo natural era esperar que Chicharito brillara, ese d\u00eda quien se rob\u00f3 el protagonismo fue Marco: dio la asistencia para el 1-0 e hizo el 2-1 del triunfo. Su aporte ofensivo y disposici\u00f3n al sacrificio y esfuerzo convencieron a Kovac.<\/p>\n<p>A partir de ese d\u00eda, el 10 de las <em>\u00c1guilas<\/em> se hizo titular y clave; de los 18 goles de su equipo en las primeras 12 fechas, \u00e9l particip\u00f3 en siete: sus tres tantos \u2013uno al Bayern\u2013 y cuatro asistencias, han ayudado al Frankfurt a colocarse en la parte alta de la tabla y ser protagonista del campeonato.<\/p>\n<p>\u00c9l mismo explica el secreto del cambio: \u201cSoy m\u00e1s maduro y estoy trabajando much\u00edsimo\u201d. Adem\u00e1s, da m\u00e9rito a la confianza de su t\u00e9cnico y sus compa\u00f1eros, por quienes se mata en el campo cada juego. As\u00ed, gracias a su perseverancia y a esa voluntad de triunfar -tan propia del pa\u00eds donde ahora brilla- el mexicano parece haber dejado por siempre atr\u00e1s a Marquito, para convertirse en <em>Herr Fabi\u00e1n.<\/em><\/p>\n<p><a href=\"https:\/\/www.futboltotal.com.mx\/wp-content\/uploads\/2016\/10\/MArco-Fabian.jpg\"><img decoding=\"async\" loading=\"lazy\" class=\"size-full wp-image-438168 aligncenter\" src=\"https:\/\/www.futboltotal.com.mx\/wp-content\/uploads\/2016\/10\/MArco-Fabian.jpg\" alt=\"marco-fabian\" srcset=\"http:\/\/desarrollo.grupomedios.com\/futbol\/wp-content\/uploads\/2016\/10\/MArco-Fabian.jpg 858w, http:\/\/desarrollo.grupomedios.com\/futbol\/wp-content\/uploads\/2016\/10\/MArco-Fabian-300x151.jpg 300w, http:\/\/desarrollo.grupomedios.com\/futbol\/wp-content\/uploads\/2016\/10\/MArco-Fabian-768x386.jpg 768w, http:\/\/desarrollo.grupomedios.com\/futbol\/wp-content\/uploads\/2016\/10\/MArco-Fabian-340x171.jpg 340w\" sizes=\"(max-width: 858px) 100vw, 858px\" \/><\/a><\/p>\n<p><strong>S\u00edguenos en Twitter:<\/strong> <a href=\"https:\/\/twitter.com\/MXFutbolTotal\" target=\"_blank\">@MXFutbolTotal<\/a><\/p>\n","protected":false},"excerpt":{"rendered":"<p>El mexicano cumple un a\u00f1o en el futbol alem\u00e1n, donde pas\u00f3 de la irregulraridad a ser figura.<\/p>\n","protected":false},"author":20,"featured_media":451874,"comment_status":"closed","ping_status":"closed","sticky":false,"template":"","format":"standard","meta":[],"categories":[5,3839,6718],"tags":[3588,131,4545],"_links":{"self":[{"href":"http:\/\/desarrollo.grupomedios.com\/futbol\/wp-json\/wp\/v2\/posts\/451873"}],"collection":[{"href":"http:\/\/desarrollo.grupomedios.com\/futbol\/wp-json\/wp\/v2\/posts"}],"about":[{"href":"http:\/\/desarrollo.grupomedios.com\/futbol\/wp-json\/wp\/v2\/types\/post"}],"author":[{"embeddable":true,"href":"http:\/\/desarrollo.grupomedios.com\/futbol\/wp-json\/wp\/v2\/users\/20"}],"replies":[{"embeddable":true,"href":"http:\/\/desarrollo.grupomedios.com\/futbol\/wp-json\/wp\/v2\/comments?post=451873"}],"version-history":[{"count":0,"href":"http:\/\/desarrollo.grupomedios.com\/futbol\/wp-json\/wp\/v2\/posts\/451873\/revisions"}],"wp:featuredmedia":[{"embeddable":true,"href":"http:\/\/desarrollo.grupomedios.com\/futbol\/wp-json\/wp\/v2\/media\/451874"}],"wp:attachment":[{"href":"http:\/\/desarrollo.grupomedios.com\/futbol\/wp-json\/wp\/v2\/media?parent=451873"}],"wp:term":[{"taxonomy":"category","embeddable":true,"href":"http:\/\/desarrollo.grupomedios.com\/futbol\/wp-json\/wp\/v2\/categories?post=451873"},{"taxonomy":"post_tag","embeddable":true,"href":"http:\/\/desarrollo.grupomedios.com\/futbol\/wp-json\/wp\/v2\/tags?post=451873"}],"curies":[{"name":"wp","href":"https:\/\/api.w.org\/{rel}","templated":true}]}}