{"id":451888,"date":"2017-01-04T14:29:22","date_gmt":"2017-01-04T20:29:22","guid":{"rendered":"https:\/\/www.futboltotal.com.mx\/?p=451888"},"modified":"2017-01-04T14:29:22","modified_gmt":"2017-01-04T20:29:22","slug":"america-acomodaria-a-darwin-quintero-en-futbol-colombia","status":"publish","type":"post","link":"http:\/\/desarrollo.grupomedios.com\/futbol\/futbol-mexicano\/america-acomodaria-a-darwin-quintero-en-futbol-colombia\/2017\/01","title":{"rendered":"Am\u00e9rica acomodar\u00eda a Darwin Quintero en el futbol de Colombia"},"content":{"rendered":"<p>El futuro de <strong>Carlos Darwin Quintero<\/strong> no s\u00f3lo interesa en la Liga MX, sino tambi\u00e9n en su natal Colombia ya que\u00a0medios deportivos especulan con un posible regreso del veloz delantero.<\/p>\n<p>De acuerdo con informaci\u00f3n del sitio As, el atacante del <strong>Am\u00e9rica<\/strong> no s\u00f3lo estar\u00eda en la mira de la <strong>MLS<\/strong> para hacerse de sus servicios; tambi\u00e9n habr\u00eda despertado el inter\u00e9s de uno de los grandes del balompi\u00e9 cafetero: el <strong>Millonarios<\/strong>.<\/p>\n<p>Sin embargo, una fuente cercana al futbolista ha negado que ya se haya dado un contacto por parte de este equipo para negociar por Quintero. &#8220;De Colombia no hemos tenido comunicaci\u00f3n con nadie. Carlos Darwin est\u00e1 en vacaciones y por ahora no hay nada concreto con respecto a su futuro&#8221;, fueron las palabras de la fuente citada.<\/p>\n<p>Otras dos alternativas colombianas para Darwin podr\u00edan ser <strong>Am\u00e9rica de Cali<\/strong> y <strong>Atl\u00e9tico Nacional<\/strong>, aunque en este momento no son m\u00e1s que especulaciones de algunos medios.<\/p>\n<p><a href=\"https:\/\/www.futboltotal.com.mx\/2016\/12\/darwin-quintero-podria-terminar-en-la-mls\/\">LEER M\u00c1S: DARWIN QUINTERO PODR\u00cdA TERMINAR EN LA MLS<\/a><\/p>\n","protected":false},"excerpt":{"rendered":"<p>El atacante colombiano estar\u00eda en la mira de algunos clubes del balompi\u00e9 de su pa\u00eds.<\/p>\n","protected":false},"author":20,"featured_media":427687,"comment_status":"closed","ping_status":"closed","sticky":false,"template":"","format":"standard","meta":[],"categories":[7740,3839,2198,3845],"tags":[5959,2759,2075,2647,6005,284,166],"_links":{"self":[{"href":"http:\/\/desarrollo.grupomedios.com\/futbol\/wp-json\/wp\/v2\/posts\/451888"}],"collection":[{"href":"http:\/\/desarrollo.grupomedios.com\/futbol\/wp-json\/wp\/v2\/posts"}],"about":[{"href":"http:\/\/desarrollo.grupomedios.com\/futbol\/wp-json\/wp\/v2\/types\/post"}],"author":[{"embeddable":true,"href":"http:\/\/desarrollo.grupomedios.com\/futbol\/wp-json\/wp\/v2\/users\/20"}],"replies":[{"embeddable":true,"href":"http:\/\/desarrollo.grupomedios.com\/futbol\/wp-json\/wp\/v2\/comments?post=451888"}],"version-history":[{"count":0,"href":"http:\/\/desarrollo.grupomedios.com\/futbol\/wp-json\/wp\/v2\/posts\/451888\/revisions"}],"wp:featuredmedia":[{"embeddable":true,"href":"http:\/\/desarrollo.grupomedios.com\/futbol\/wp-json\/wp\/v2\/media\/427687"}],"wp:attachment":[{"href":"http:\/\/desarrollo.grupomedios.com\/futbol\/wp-json\/wp\/v2\/media?parent=451888"}],"wp:term":[{"taxonomy":"category","embeddable":true,"href":"http:\/\/desarrollo.grupomedios.com\/futbol\/wp-json\/wp\/v2\/categories?post=451888"},{"taxonomy":"post_tag","embeddable":true,"href":"http:\/\/desarrollo.grupomedios.com\/futbol\/wp-json\/wp\/v2\/tags?post=451888"}],"curies":[{"name":"wp","href":"https:\/\/api.w.org\/{rel}","templated":true}]}}