{"id":451906,"date":"2017-01-04T16:03:44","date_gmt":"2017-01-04T22:03:44","guid":{"rendered":"https:\/\/www.futboltotal.com.mx\/?p=451906"},"modified":"2017-01-04T16:03:44","modified_gmt":"2017-01-04T22:03:44","slug":"chapecoense-presenta-a-sus-primeros-tres-refuerzos","status":"publish","type":"post","link":"http:\/\/desarrollo.grupomedios.com\/futbol\/futbol-internacional\/chapecoense-presenta-a-sus-primeros-tres-refuerzos\/2017\/01","title":{"rendered":"Chapecoense presenta a sus primeros tres refuerzos"},"content":{"rendered":"<p>El <strong>Chapecoense<\/strong> present\u00f3 hoy a sus tres primeros refuerzos para la temporada 2017 con los que espera reestructurar una plantilla que perdi\u00f3 a 19 de sus integrantes en el accidente a\u00e9reo ocurrido en Colombia el pasado 28 de noviembre.<\/p>\n<p>El delantero Rossi, que llega del Goi\u00e1s; el centrocampista Nadson, procedente del Paran\u00e1; y el defensa Douglas Grolli, cedido por el Cruzeiro, son los tres primeros fichajes del equipo brasile\u00f1o, que espera anunciar m\u00e1s novedades en los pr\u00f3ximas semanas.<\/p>\n<p>Grolli vuelve por un a\u00f1o al club catarinense, donde inici\u00f3 su carrera como profesional, con la intenci\u00f3n de ayudar a reconstruirlo, un factor que &#8220;pes\u00f3 bastante&#8221; a la hora de volver a Chapec\u00f3, ciudad sede del equipo ubicada en el estado de Santa Catarina, al sur de Brasil.<\/p>\n<blockquote><p>&#8220;Las ganas de ayudar al club fueron fuertes. Es una oportunidad grande para todos los que estamos llegando&#8221;, afirm\u00f3 Grolli en una rueda de prensa conjunta con sus otros dos nuevos compa\u00f1eros.<\/p><\/blockquote>\n<p>El delantero Rossi, que ha firmado por tres a\u00f1os, se\u00f1al\u00f3 que el &#8216;<em>Chape<\/em>&#8216; va a tener una &#8220;responsabilidad inmensa&#8221; la pr\u00f3xima temporada, pero se mostr\u00f3 &#8220;muy feliz&#8221; a pesar de la presi\u00f3n que supondr\u00e1 vestir &#8220;una camiseta pesada&#8221; despu\u00e9s de lo que ocurri\u00f3.<\/p>\n<p>Rossi y Nadson disputaron la Serie B (segunda divisi\u00f3n) de la liga brasile\u00f1a en 2016.&#8221;Voy a buscar dar el m\u00e1ximo para ayudar&#8221;, agreg\u00f3.<\/p>\n<p style=\"text-align: center;\"><span style=\"color: #3366ff;\"><a style=\"color: #3366ff;\" href=\"https:\/\/www.futboltotal.com.mx\/2017\/01\/chivas-se-solidariza-mexico-gasolinazo\/\">LEER M\u00c1S: Chivas se solidariza con M\u00e9xico por Gasolinazo<\/a><\/span><\/p>\n<p>El avi\u00f3n de la aerol\u00ednea boliviana Lamia, que transportaba al <strong>Chapecoense<\/strong> para disputar el partido de ida de la final de la Copa Sudamericana ante el Atl\u00e9tico Nacional, se estrell\u00f3 el pasado 28 de noviembre a pocos kil\u00f3metros del aeropuerto de Rionegro -que opera para Medell\u00edn- con 77 personas a bordo, de las que solo seis sobrevivieron.<\/p>\n<p>La mayor\u00eda de las 71 v\u00edctimas mortales del accidente fueron jugadores del Chapecoense, miembros de la directiva y del cuerpo t\u00e9cnico, as\u00ed como 22 periodistas que acompa\u00f1aban al club en su primera final en un torneo internacional.<\/p>\n<blockquote class=\"twitter-tweet\" data-width=\"500\">\n<p lang=\"pt\" dir=\"ltr\">&quot;Seremos fortes e combativos, o verde da nossa camisa, ser\u00e1 sempre o verde da esperan\u00e7a!&quot; <a href=\"https:\/\/twitter.com\/hashtag\/VamosChape?src=hash\">#VamosChape<\/a><br \/> <a href=\"https:\/\/t.co\/q3cnZktcYf\">https:\/\/t.co\/q3cnZktcYf<\/a> via <a href=\"https:\/\/twitter.com\/YouTube\">@YouTube<\/a><\/p>\n<p>&mdash; Chapecoense (@ChapecoenseReal) <a href=\"https:\/\/twitter.com\/ChapecoenseReal\/status\/814511422755508224\">December 29, 2016<\/a><\/p><\/blockquote>\n<p><script async src=\"\/\/platform.twitter.com\/widgets.js\" charset=\"utf-8\"><\/script><\/p>\n<p>Los seis supervivientes fueron tres jugadores del Chapecoense (Alan Ruschel, Jackson Follmann y Helio Neto), el periodista local Rafael Henzel y dos auxiliares de vuelo bolivianos.<\/p>\n<p>El medio Nadson, cuyo contrato es por dos temporadas, revel\u00f3 que estuvo cerca de formar parte de la malograda plantilla, pero su ya exequipo, el Paran\u00e1, no lo permiti\u00f3.<\/p>\n<p>&#8220;Entonces me enfad\u00e9 porque Paran\u00e1 no me liber\u00f3, pero hoy puedo firmar pon el Chapecoense. Estoy muy feliz de poder ayudar al Chapecoense en esta reconstrucci\u00f3n&#8221;, coment\u00f3 el centrocampista.<\/p>\n<p>El t\u00e9cnico Vagner Mancini podr\u00e1 contar con estos tres refuerzos este viernes, cuando comenzar\u00e1n los trabajos de preparaci\u00f3n para la pr\u00f3xima temporada, en la que disputar\u00e1 por primera vez la Copa Libertadores.<\/p>\n<p>En las pr\u00f3ximas semanas la directiva del club espera anunciar nuevos refuerzos como los del volante Andrei Girotto, presente hoy en el estadio Arena Cond\u00e1; el portero El\u00edas, que hasta ahora jugaba en el Juventude de Cax\u00edas; as\u00ed como el del centrocampista Dod\u00f4, que militaba en el Atl\u00e9tico Mineiro de Belo Horizonte. EFE<\/p>\n","protected":false},"excerpt":{"rendered":"<p>El club comienza la reestructuraci\u00f3n tras el tr\u00e1gico accidente.<\/p>\n","protected":false},"author":144,"featured_media":451907,"comment_status":"closed","ping_status":"closed","sticky":false,"template":"","format":"standard","meta":[],"categories":[3839,5950],"tags":[7947],"_links":{"self":[{"href":"http:\/\/desarrollo.grupomedios.com\/futbol\/wp-json\/wp\/v2\/posts\/451906"}],"collection":[{"href":"http:\/\/desarrollo.grupomedios.com\/futbol\/wp-json\/wp\/v2\/posts"}],"about":[{"href":"http:\/\/desarrollo.grupomedios.com\/futbol\/wp-json\/wp\/v2\/types\/post"}],"author":[{"embeddable":true,"href":"http:\/\/desarrollo.grupomedios.com\/futbol\/wp-json\/wp\/v2\/users\/144"}],"replies":[{"embeddable":true,"href":"http:\/\/desarrollo.grupomedios.com\/futbol\/wp-json\/wp\/v2\/comments?post=451906"}],"version-history":[{"count":0,"href":"http:\/\/desarrollo.grupomedios.com\/futbol\/wp-json\/wp\/v2\/posts\/451906\/revisions"}],"wp:featuredmedia":[{"embeddable":true,"href":"http:\/\/desarrollo.grupomedios.com\/futbol\/wp-json\/wp\/v2\/media\/451907"}],"wp:attachment":[{"href":"http:\/\/desarrollo.grupomedios.com\/futbol\/wp-json\/wp\/v2\/media?parent=451906"}],"wp:term":[{"taxonomy":"category","embeddable":true,"href":"http:\/\/desarrollo.grupomedios.com\/futbol\/wp-json\/wp\/v2\/categories?post=451906"},{"taxonomy":"post_tag","embeddable":true,"href":"http:\/\/desarrollo.grupomedios.com\/futbol\/wp-json\/wp\/v2\/tags?post=451906"}],"curies":[{"name":"wp","href":"https:\/\/api.w.org\/{rel}","templated":true}]}}